{"id":492662,"date":"2020-03-18T18:34:19","date_gmt":"2020-03-18T17:34:19","guid":{"rendered":"http:\/\/www.ivg.it\/?p=492662"},"modified":"2020-03-18T19:28:06","modified_gmt":"2020-03-18T18:28:06","slug":"coronavirus-in-liguria-809-positivi-i-deceduti-sono-73-ma-aumentano-i-pazienti-guariti","status":"publish","type":"post","link":"https:\/\/staging.ivg.it\/2020\/03\/coronavirus-in-liguria-809-positivi-i-deceduti-sono-73-ma-aumentano-i-pazienti-guariti\/","title":{"rendered":"Coronavirus, in Liguria 809 positivi: i deceduti sono 74 ma aumentano i pazienti guariti"},"content":{"rendered":"<p><strong>Liguria<\/strong>. Sono 809 le persone positive al coronavirus in Liguria. Lo comunica la Regione nel consueto bollettino giornaliero. L&#8217;incremento, rispetto a ieri, \u00e8 di 79 unit\u00e0. Di contro aumentano anche le persone clinicamente guarite che ad oggi sono 67 e cio\u00e8 13 in pi\u00f9 di ieri.<\/p>\n<p>Dei positivi, gli ospedalizzati sono 502 e cio\u00e8 101 pi\u00f9 di ieri. Di questi, ben 100 sono in terapia intensiva (cio\u00e8 15 in pi\u00f9 di ieri). Gli ospedalizzati sono cos\u00ec suddivisi: in Asl1 sono 71 (dei quali 12 in terapia intensiva); in Asl2 sono 86 (dei quali 11 in terapia intensiva); in Al3 Colletta di Arenzano\/Gallino Pontedecimo sono 2 mentre a Villa Scassi sono 59 (dei quali 8 in terapia intensiva) e al Micone di Sestri Ponente uno solo; in Asl4 sono 22 (dei quali 8 in terapia intensiva); in Asl5 sono 57 (dei quali 12 in terapia intensiva); al San Martino sono 101 (dei quali 29 in terapia intensiva); al Galliera sono 49 (dei quali 13 in terapia intensiva); al Gaslini sono 3 gi\u00e0 dimessi; all&#8217;Evangelico sono 51(dei quali 7 in terapia intensiva); ricoverati a domicilio sono 307 (cio\u00e8 22 in meno di ieri).<\/p>\n<p>I clinicamente guariti (ma che restano positivi e sono a casa) sono 67 e quindi 13 in pi\u00f9 di ieri.<\/p>\n<p>Le persone in sorveglianza attiva sono 1.812 cos\u00ec suddivise: in Asl1 sono 330; in Asl2 sono 291; in Asl3 sono 310; in Asl4 sono 460; in Asl 5 sono 421.<\/p>\n<p><a href=\"https:\/\/www.ivg.it\/2020\/03\/coronavirus-altri-morti-in-liguria-il-bollettino-del-18-marzo\/\">I deceduti sono 74<\/a> e cio\u00e8 13 pi\u00f9 di ieri (sono sempre esclusi dal totale i due campioni effettuati su altrettante salme): <a href=\"https:\/\/www.ivg.it\/2020\/03\/il-coronavirus-falcidia-la-provincia-di-savona-5-morti-in-un-giorno-due-sono-60enni\/\">cinque sono savonesi <em>(clicca qui per la notizia)<\/em>.<\/a><\/p>\n","protected":false},"excerpt":{"rendered":"<p>In ospedale 101 persone pi\u00f9 di ieri<\/p>\n","protected":false},"author":12120,"featured_media":0,"comment_status":"open","ping_status":"closed","sticky":false,"template":"","format":"standard","meta":{"footnotes":""},"categories":[45296,34],"tags":[111891,295],"class_list":["post-492662","post","type-post","status-publish","format-standard","hentry","category-copertina","category-cronaca","tag-coronavirus","tag-regione"],"amp_validity":null,"amp_enabled":true,"_links":{"self":[{"href":"https:\/\/staging.ivg.it\/ediapi\/wp\/v2\/posts\/492662","targetHints":{"allow":["GET"]}}],"collection":[{"href":"https:\/\/staging.ivg.it\/ediapi\/wp\/v2\/posts"}],"about":[{"href":"https:\/\/staging.ivg.it\/ediapi\/wp\/v2\/types\/post"}],"author":[{"embeddable":true,"href":"https:\/\/staging.ivg.it\/ediapi\/wp\/v2\/users\/12120"}],"replies":[{"embeddable":true,"href":"https:\/\/staging.ivg.it\/ediapi\/wp\/v2\/comments?post=492662"}],"version-history":[{"count":0,"href":"https:\/\/staging.ivg.it\/ediapi\/wp\/v2\/posts\/492662\/revisions"}],"wp:attachment":[{"href":"https:\/\/staging.ivg.it\/ediapi\/wp\/v2\/media?parent=492662"}],"wp:term":[{"taxonomy":"category","embeddable":true,"href":"https:\/\/staging.ivg.it\/ediapi\/wp\/v2\/categories?post=492662"},{"taxonomy":"post_tag","embeddable":true,"href":"https:\/\/staging.ivg.it\/ediapi\/wp\/v2\/tags?post=492662"}],"curies":[{"name":"wp","href":"https:\/\/api.w.org\/{rel}","templated":true}]}}