{"id":492658,"date":"2020-03-18T18:29:38","date_gmt":"2020-03-18T17:29:38","guid":{"rendered":"http:\/\/www.ivg.it\/?p=492658"},"modified":"2020-03-18T18:29:38","modified_gmt":"2020-03-18T17:29:38","slug":"nuove-mascherine-da-shangai-la-regione-precisa-nessuna-cerimonia-di-consegna-alla-cittadinanza","status":"publish","type":"post","link":"https:\/\/staging.ivg.it\/2020\/03\/nuove-mascherine-da-shangai-la-regione-precisa-nessuna-cerimonia-di-consegna-alla-cittadinanza\/","title":{"rendered":"Nuove mascherine da Shangai, la Regione precisa: &#8220;Nessuna cerimonia di consegna alla cittadinanza&#8221;"},"content":{"rendered":"<p><strong>Regione.\u00a0<\/strong>Domani, in piazza De Ferrari a Genova, non ci sar\u00e0 nessuna cerimonia di consegna alla cittadinanza delle mascherine arrivate da Shangai. A confermarlo, in una nota, \u00e8 la Regione Liguria.<\/p>\n<p>&#8220;I dispositivi di protezione individuale che sono stati donati da China Cosco Shipping Corporation Ltd Shangai tramite Cosco Shipping Lines Italy, verranno smistati dalla Protezione Civile della Liguria e destinati al personale sanitario della regione &#8211; spiegano dalla Regione -. Consegneranno le mascherine il cavaliere Augusto Cosulich ad della Fratelli Cosulich SpA e socio italiano della Cosco, Mister Hua Hu, ad della Cosco Shipping Lines Italiy e Marco Donati, direttore generale della Cosco Shipping Lines Italy&#8221;.<\/p>\n<p>Le autorit\u00e0 ringrazieranno &#8220;per la donazione quanto mai preziosa, vista la difficolt\u00e0 nel reperire le mascherine da parte di tutte le Regioni e dello stesso governo centrale&#8221;. Non si svolger\u00e0 nessuna cerimonia ma ci sar\u00e0 solo &#8220;un momento di doverosa cortesia istituzionale, a cui \u00e8 stata invitata la stampa solo per garantire loro il diritto di cronaca e per soddisfare le richieste di molti giornalisti che ci chiedevano notizie sulle mascherine e che volevano documentarne l&#8217;arrivo&#8221;.<\/p>\n<p><strong><a href=\"https:\/\/www.ivg.it\/tag\/coronavirus\/\" target=\"_blank\" rel=\"noopener\">TUTTI GLI AGGIORNAMENTI SULL&#8217;EMERGENZA<\/a><\/strong><\/p>\n","protected":false},"excerpt":{"rendered":"<p>\u00c8 previsto soltanto &#8220;un momento di doverosa cortesia istituzionale&#8221;<\/p>\n","protected":false},"author":17962,"featured_media":0,"comment_status":"open","ping_status":"closed","sticky":false,"template":"","format":"standard","meta":{"footnotes":""},"categories":[45296,56,34,31],"tags":[111891],"class_list":["post-492658","post","type-post","status-publish","format-standard","hentry","category-copertina","category-altre","category-cronaca","category-politica","tag-coronavirus","post_tag_personaggi-giovanni-toti"],"amp_validity":null,"amp_enabled":true,"_links":{"self":[{"href":"https:\/\/staging.ivg.it\/ediapi\/wp\/v2\/posts\/492658","targetHints":{"allow":["GET"]}}],"collection":[{"href":"https:\/\/staging.ivg.it\/ediapi\/wp\/v2\/posts"}],"about":[{"href":"https:\/\/staging.ivg.it\/ediapi\/wp\/v2\/types\/post"}],"author":[{"embeddable":true,"href":"https:\/\/staging.ivg.it\/ediapi\/wp\/v2\/users\/17962"}],"replies":[{"embeddable":true,"href":"https:\/\/staging.ivg.it\/ediapi\/wp\/v2\/comments?post=492658"}],"version-history":[{"count":0,"href":"https:\/\/staging.ivg.it\/ediapi\/wp\/v2\/posts\/492658\/revisions"}],"wp:attachment":[{"href":"https:\/\/staging.ivg.it\/ediapi\/wp\/v2\/media?parent=492658"}],"wp:term":[{"taxonomy":"category","embeddable":true,"href":"https:\/\/staging.ivg.it\/ediapi\/wp\/v2\/categories?post=492658"},{"taxonomy":"post_tag","embeddable":true,"href":"https:\/\/staging.ivg.it\/ediapi\/wp\/v2\/tags?post=492658"}],"curies":[{"name":"wp","href":"https:\/\/api.w.org\/{rel}","templated":true}]}}