{"id":492483,"date":"2020-03-16T16:55:38","date_gmt":"2020-03-16T15:55:38","guid":{"rendered":"http:\/\/www.ivg.it\/?p=492483"},"modified":"2020-03-16T16:55:38","modified_gmt":"2020-03-16T15:55:38","slug":"tommasi-aic-impensabile-tornare-a-giocare-il-5-di-aprile","status":"publish","type":"post","link":"https:\/\/staging.ivg.it\/2020\/03\/tommasi-aic-impensabile-tornare-a-giocare-il-5-di-aprile\/","title":{"rendered":"Tommasi (AIC): impensabile tornare a giocare il 5 di aprile"},"content":{"rendered":"<p>Il calcio italiano, lo speriamo tutti, ripartir\u00e0, ma i tempi saranno lunghi. Ne \u00e8 convinto\u00a0<b>Damiano Tommasi<\/b>, presidente dell&#8217;Associazione italiana calciatori che sull&#8217;eventuale ripresa dell&#8217;attivit\u00e0 \u00e8 stato molto chiaro: &#8220;La Formula 1 ha gi\u00e0 messo in forse i gran premi di maggio per via della pandemia, da noi invece stiamo ancora parlando di giocare a calcio il 5 aprile. \u00c8 chiaramente impossibile,\u00a0<b>l&#8217;auspicio \u00e8 quello di poter tornare in campo forse a fine maggio, magari a giugno<\/b>. Ci riusciremo se tutto va bene e se facciamo il nostro dovere e restiamo a casa&#8221;.<\/p>\n<p>Per il numero uno dell&#8217;AIC, la situazione \u00e8 molto complessa: &#8220;Abbiamo denunciato il comportamento di alcuni club, per tanti motivi fuori luogo, perch\u00e9 vogliono far allenare i calciatori anche in questi giorni &#8211; ha detto a Che tempo che fa -. Ci sar\u00e0 tempo per recuperare, ora concentriamoci su altre squadre, quelle che sono negli ospedali e stanno lavorando per restituirci la sicurezza che ci manca&#8221;.<\/p>\n<p>Tommasi si auspica che domani sia la giornata buona per fare chiarezza sul futuro di Euro 2020: &#8220;Obbligare i giocatori a scendere in campo nei vari campionati \u00e8 stata una forzatura, anche i calciatori devono restare a casa in questa situazione. Ora finalmente l&#8217;ha capito anche l&#8217;Europa. Speriamo lo capisca l&#8217;Uefa e rimandi l&#8217;Europeo, per permettere alle leghe nazionali di terminare i campionati. Peraltro il torneo quest&#8217;anno ha una formula particolare e si deve giocare in dodici Paesi diversi. \u00c8 improbabile pensare che ci siano dappertutto le condizioni ideali a giugno per giocare, oltretutto in stadi pieni&#8221;.<\/p>\n","protected":false},"excerpt":{"rendered":"<p>Lo speciale del ct Vaniglia<\/p>\n","protected":false},"author":18,"featured_media":0,"comment_status":"open","ping_status":"closed","sticky":false,"template":"","format":"standard","meta":{"footnotes":""},"categories":[182,32],"tags":[85989,5327,58119],"class_list":["post-492483","post","type-post","status-publish","format-standard","hentry","category-calcio","category-sport","tag-calcio","tag-calcio-giovanile","tag-speciale-settore-giovanile","post_tag_personaggi-felicino-vaniglia"],"amp_validity":null,"amp_enabled":true,"_links":{"self":[{"href":"https:\/\/staging.ivg.it\/ediapi\/wp\/v2\/posts\/492483","targetHints":{"allow":["GET"]}}],"collection":[{"href":"https:\/\/staging.ivg.it\/ediapi\/wp\/v2\/posts"}],"about":[{"href":"https:\/\/staging.ivg.it\/ediapi\/wp\/v2\/types\/post"}],"author":[{"embeddable":true,"href":"https:\/\/staging.ivg.it\/ediapi\/wp\/v2\/users\/18"}],"replies":[{"embeddable":true,"href":"https:\/\/staging.ivg.it\/ediapi\/wp\/v2\/comments?post=492483"}],"version-history":[{"count":0,"href":"https:\/\/staging.ivg.it\/ediapi\/wp\/v2\/posts\/492483\/revisions"}],"wp:attachment":[{"href":"https:\/\/staging.ivg.it\/ediapi\/wp\/v2\/media?parent=492483"}],"wp:term":[{"taxonomy":"category","embeddable":true,"href":"https:\/\/staging.ivg.it\/ediapi\/wp\/v2\/categories?post=492483"},{"taxonomy":"post_tag","embeddable":true,"href":"https:\/\/staging.ivg.it\/ediapi\/wp\/v2\/tags?post=492483"}],"curies":[{"name":"wp","href":"https:\/\/api.w.org\/{rel}","templated":true}]}}