{"id":492480,"date":"2020-03-16T16:42:02","date_gmt":"2020-03-16T15:42:02","guid":{"rendered":"http:\/\/www.ivg.it\/?p=492480"},"modified":"2020-03-16T17:29:40","modified_gmt":"2020-03-16T16:29:40","slug":"regione-pd-sospensione-prestazioni-ospedaliere-e-ambulatoriali-programmate-siano-in-regola-con-disposizioni","status":"publish","type":"post","link":"https:\/\/staging.ivg.it\/2020\/03\/regione-pd-sospensione-prestazioni-ospedaliere-e-ambulatoriali-programmate-siano-in-regola-con-disposizioni\/","title":{"rendered":"Regione, Pd: &#8220;Sospensione prestazioni ospedaliere e ambulatoriali siano in regola con disposizioni&#8221;"},"content":{"rendered":"<p><strong>Regione<\/strong>. &#8220;Prestazioni ambulatoriali annullate in tutta la Liguria per il Coronavirus, ma eseguite a pagamento dalle strutture private: Alisa faccia chiarezza sulle modalit\u00e0 di gestione delle attivit\u00e0 di diagnosi e ambulatoriali in tutte le strutture sanitarie liguri autorizzate&#8221;. A comunicarlo il gruppo Pd della Regione Liguria.<\/p>\n<p>&#8220;A fronte dell&#8217;articolo 13 del decreto legge n. 14 del 9 marzo 2020, Alisa ha sospeso il CUP e quindi tutte le attivit\u00e0 ospedaliere e ambulatoriali programmate, a esclusione degli interventi indifferibili. Prima con una semplice e-mail e solo tre giorni dopo con una delibera Alisa ha informato le strutture pubbliche e private &#8211; riprendono dal gruppo regionale &#8211; L&#8217;obiettivo \u00e8 garantire il rispetto di tre principi: evitare l&#8217;affollamento nei CUP per le prenotazioni, utilizzare personale e luoghi deputati alle attivit\u00e0 ambulatoriali per le urgenze, impedire che i cittadini si ammassino nei centri ambulatoriali&#8221;. <\/p>\n<p>&#8220;Abbiamo verificato che ai cittadini viene sospesa la prestazione programmata a carico della Asl, ma che la stessa prestazione, nello stesso ambulatorio convenzionato e alla stessa ora, viene indicata eseguibile a pagamento. Cos\u00ec come \u00e8 possibile presentarsi nei centri di diagnosi senza appuntamento usufruendo delle prestazioni a pagamento&#8221; aggiungono i consiglieri regionali del partito Democratico.<\/p>\n<p>&#8220;Tutto ci\u00f2 \u00e8 molto grave perch\u00e9 se si adotta la sospensione di queste attivit\u00e0 in nome di un principio di precauzione e di sicurezza, questo principio deve valere per tutte le strutture, accreditate e non accreditate, a prescindere che una prestazione sia o meno a pagamento&#8221;.<\/p>\n<p>&#8220;La seconda non meno grave conseguenza \u00e8 che passa il messaggio inaccettabile che chi pu\u00f2 pagare pu\u00f2 anche evitare di rispettare la disposizione del Governo e ottenere le prestazioni. Chi invece non pu\u00f2 pagare non pu\u00f2 ricevere alcuna prestazione. Non \u00e8 questa l&#8217;idea di sanit\u00e0 universale che abbiamo e che \u00e8 sancita dalla Costituzione. Chiediamo che Alisa, che ha emanato questa disposizione, adesso la faccia rispettare a tutti&#8221; conclude il gruppo Pd.<\/p>\n","protected":false},"excerpt":{"rendered":"<p>&#8220;Inaccettabile che le prestazioni sospese vengano eseguite a pagamento&#8221;<\/p>\n","protected":false},"author":18838,"featured_media":0,"comment_status":"open","ping_status":"closed","sticky":false,"template":"","format":"standard","meta":{"footnotes":""},"categories":[45296,34,31],"tags":[112429,111891,89022,596],"class_list":["post-492480","post","type-post","status-publish","format-standard","hentry","category-copertina","category-cronaca","category-politica","tag-allarme-coronavirus","tag-coronavirus","tag-gruppo-pd-regione","tag-partito-democratico","post_cat_citta-provincia"],"amp_validity":null,"amp_enabled":true,"_links":{"self":[{"href":"https:\/\/staging.ivg.it\/ediapi\/wp\/v2\/posts\/492480","targetHints":{"allow":["GET"]}}],"collection":[{"href":"https:\/\/staging.ivg.it\/ediapi\/wp\/v2\/posts"}],"about":[{"href":"https:\/\/staging.ivg.it\/ediapi\/wp\/v2\/types\/post"}],"author":[{"embeddable":true,"href":"https:\/\/staging.ivg.it\/ediapi\/wp\/v2\/users\/18838"}],"replies":[{"embeddable":true,"href":"https:\/\/staging.ivg.it\/ediapi\/wp\/v2\/comments?post=492480"}],"version-history":[{"count":0,"href":"https:\/\/staging.ivg.it\/ediapi\/wp\/v2\/posts\/492480\/revisions"}],"wp:attachment":[{"href":"https:\/\/staging.ivg.it\/ediapi\/wp\/v2\/media?parent=492480"}],"wp:term":[{"taxonomy":"category","embeddable":true,"href":"https:\/\/staging.ivg.it\/ediapi\/wp\/v2\/categories?post=492480"},{"taxonomy":"post_tag","embeddable":true,"href":"https:\/\/staging.ivg.it\/ediapi\/wp\/v2\/tags?post=492480"}],"curies":[{"name":"wp","href":"https:\/\/api.w.org\/{rel}","templated":true}]}}