{"id":492456,"date":"2020-03-16T13:16:48","date_gmt":"2020-03-16T12:16:48","guid":{"rendered":"http:\/\/www.ivg.it\/?p=492456"},"modified":"2020-03-16T16:07:42","modified_gmt":"2020-03-16T15:07:42","slug":"coronavirus-la-sardegna-blocca-le-mascherine-che-dovevano-arrivare-a-genova-servono-ai-nostri-ospedali","status":"publish","type":"post","link":"https:\/\/staging.ivg.it\/2020\/03\/coronavirus-la-sardegna-blocca-le-mascherine-che-dovevano-arrivare-a-genova-servono-ai-nostri-ospedali\/","title":{"rendered":"Coronavirus, la Sardegna blocca mascherine destinate al mercato privato: &#8220;Saranno utilizzate da ospedali sardi e liguri&#8221;"},"content":{"rendered":"<p><strong>Liguria<\/strong>. Saranno destinati al personale sanitario in servizio negli ospedali sardi i dispositivi di protezione individuale, tra cui mascherine, guanti e camici, gi\u00e0 stoccati nel container che in queste ore avrebbe dovuto lasciare l&#8217;isola dal porto di Cagliari per raggiungere Genova. Si trattava di una fornitura destinata a rifornire il mercato privato e che ora verr\u00e0 invece dirottata sugli ospedali della regione.<\/p>\n<p>La Sardegna ha comunque &#8220;acconsentito che una parte dei dispositivi possa raggiungere Genova esclusivamente per la fornitura degli ospedali liguri in caso di comprovata difficolt\u00e0&#8221;. Lo rende noto il governatore sardo, Christian Solinas, che ha bloccato l&#8217;invio in Liguria di una parte del materiale stoccato regolarmente e requisito dalla prefettura attraverso i Nas.<\/p>\n<p>&#8220;\u00c8 materiale necessario per i nostri ospedali &#8211; dice &#8211; Non posso permettere che lasci l&#8217;isola. In questa fase di emergenza abbiamo il dovere di garantire i dispositivi di protezione ai nostri operatori sanitari che operano quotidianamente in prima linea&#8221;.<\/p>\n<p>&#8220;Una decisione &#8211; precisa l&#8217;assessore regionale della Sanit\u00e0, Mario Nieddu &#8211; che ha posto giustamente le necessit\u00e0 pubbliche di questa emergenza davanti a tutto. Le istituzioni stanno lavorando in stretto raccordo. L&#8217;intervento del Prefetto di Cagliari e dei Nas, con i quali operiamo quotidianamente e su pi\u00f9 fronti, \u00e8 stato tempestivo ed efficiente&#8221;.<\/p>\n","protected":false},"excerpt":{"rendered":"<p>Il materiale era destinato al mercato privato, \u00e8 stato requisito dai Nas: una parte sar\u00e0 inviata agli ospedali liguri &#8220;in caso di comprovata difficolt\u00e0&#8221;<\/p>\n","protected":false},"author":10593,"featured_media":0,"comment_status":"open","ping_status":"closed","sticky":false,"template":"","format":"standard","meta":{"footnotes":""},"categories":[34],"tags":[111891],"class_list":["post-492456","post","type-post","status-publish","format-standard","hentry","category-cronaca","tag-coronavirus"],"amp_validity":null,"amp_enabled":true,"_links":{"self":[{"href":"https:\/\/staging.ivg.it\/ediapi\/wp\/v2\/posts\/492456","targetHints":{"allow":["GET"]}}],"collection":[{"href":"https:\/\/staging.ivg.it\/ediapi\/wp\/v2\/posts"}],"about":[{"href":"https:\/\/staging.ivg.it\/ediapi\/wp\/v2\/types\/post"}],"author":[{"embeddable":true,"href":"https:\/\/staging.ivg.it\/ediapi\/wp\/v2\/users\/10593"}],"replies":[{"embeddable":true,"href":"https:\/\/staging.ivg.it\/ediapi\/wp\/v2\/comments?post=492456"}],"version-history":[{"count":0,"href":"https:\/\/staging.ivg.it\/ediapi\/wp\/v2\/posts\/492456\/revisions"}],"wp:attachment":[{"href":"https:\/\/staging.ivg.it\/ediapi\/wp\/v2\/media?parent=492456"}],"wp:term":[{"taxonomy":"category","embeddable":true,"href":"https:\/\/staging.ivg.it\/ediapi\/wp\/v2\/categories?post=492456"},{"taxonomy":"post_tag","embeddable":true,"href":"https:\/\/staging.ivg.it\/ediapi\/wp\/v2\/tags?post=492456"}],"curies":[{"name":"wp","href":"https:\/\/api.w.org\/{rel}","templated":true}]}}