{"id":492211,"date":"2020-03-12T17:05:12","date_gmt":"2020-03-12T16:05:12","guid":{"rendered":"http:\/\/www.ivg.it\/?p=492211"},"modified":"2020-03-12T17:05:12","modified_gmt":"2020-03-12T16:05:12","slug":"coronavirus-il-comune-di-albenga-garantisce-i-servizi-essenziali","status":"publish","type":"post","link":"https:\/\/staging.ivg.it\/2020\/03\/coronavirus-il-comune-di-albenga-garantisce-i-servizi-essenziali\/","title":{"rendered":"Coronavirus, il Comune di Albenga garantisce i servizi essenziali"},"content":{"rendered":"<p><strong>Albenga<\/strong>.\u00a0E&#8217; entrato in vigore questa mattina il nuovo DPCM recante disposizioni relative al contenimento dell&#8217;emergenza <strong>Coronavirus<\/strong>. A fronte di quanto in esso previsto e a seguito di un approfondito confronto e dialogo tra amministrazione e dirigenti, il comune di Albenga informa che l&#8217;attivit\u00e0 amministrativa sar\u00e0 garantita, ma che saranno favorite, per i dipendenti comunali, le forme di smart working e la possibilit\u00e0 di usufruire delle ferie. A partire da oggi l&#8217;accesso al pubblico sar\u00e0 consentito solo previa appuntamento telefonico e per l&#8217;espletamento di pratiche improrogabili e urgenti.<\/p>\n<p>Afferma il sindaco <strong>Riccardo Tomatis<\/strong>: &#8220;Voglio ringraziare tutti i dipendenti comunali per la massima disponibilit\u00e0 dimostrata in questo momento e per il grande senso di responsabilit\u00e0 . Saranno garantiti i servizi indispensabili e cercheremo, attraverso la collaborazione di tutti, di offrire adeguate risposte alle esigenze dei nostri concittadini. Una attenzione particolare va prestata, naturalmente, al rispetto delle norme di sicurezza e delle indicazioni esplicitate nei provvedimenti ministeriali. La collaborazione dei cittadini, in questo momento, non solo \u00e8 importante, ma \u00e8 indispensabile. Solo insieme riusciremo a tornare il prima possibile alla normalit\u00e0&#8221;.<\/p>\n<p>Si informa inoltre che in quest&#8217;ottica \u00e8 sospesa la distribuzione del materiale e delle chiavi per effettuare la raccolta differenziata e che la SAT ha disposto la chiusura temporanea del Centro sito presso l&#8217;ex Caserma Turinetto. Per accedervi e per chiedere chiarimenti \u00e8 possibile rivolgersi direttamente alla ditta. I recapiti sono reperibili al seguente link i recapiti <a href=\"http:\/\/www.comune.albenga.sv.it\/servizi\/Menu\/dinamica.aspx?idSezione=152&amp;idArea=205&amp;idCat=8842&amp;ID=8847&amp;TipoElemento=categoria\"><strong>http:\/\/www.comune.albenga.sv.it\/servizi\/Menu\/dinamica.aspx?idSezione=152&amp;idArea=205&amp;idCat=8842&amp;ID=8847&amp;TipoElemento=categoria<\/strong><\/a>.<\/p>\n<p>Conclude il sindaco Tomatis: &#8220;Voglio invitare ancora una volta tutti i cittadini ad attenersi alle disposizioni del DPCM e a stare a casa uscendo solo per motivi di lavoro, necessit\u00e0 o salute. Da questo pomeriggio girer\u00e0 per Albenga e nelle frazioni una macchina per la massima diffusione di un messaggio attraverso il quale vogliamo invitare i cittadini ad attenersi a tali disposizioni. In questo particolare momento ognuno di noi deve fare la sua parte&#8221;.<\/p>\n","protected":false},"excerpt":{"rendered":"<p>Il servizio di disinfezione delle principali strade prender\u00e0 il via domani sera<\/p>\n","protected":false},"author":20094,"featured_media":0,"comment_status":"open","ping_status":"closed","sticky":false,"template":"","format":"standard","meta":{"footnotes":""},"categories":[34],"tags":[112429,111891],"class_list":["post-492211","post","type-post","status-publish","format-standard","hentry","category-cronaca","tag-allarme-coronavirus","tag-coronavirus","post_cat_citta-albenga"],"amp_validity":null,"amp_enabled":true,"_links":{"self":[{"href":"https:\/\/staging.ivg.it\/ediapi\/wp\/v2\/posts\/492211","targetHints":{"allow":["GET"]}}],"collection":[{"href":"https:\/\/staging.ivg.it\/ediapi\/wp\/v2\/posts"}],"about":[{"href":"https:\/\/staging.ivg.it\/ediapi\/wp\/v2\/types\/post"}],"author":[{"embeddable":true,"href":"https:\/\/staging.ivg.it\/ediapi\/wp\/v2\/users\/20094"}],"replies":[{"embeddable":true,"href":"https:\/\/staging.ivg.it\/ediapi\/wp\/v2\/comments?post=492211"}],"version-history":[{"count":0,"href":"https:\/\/staging.ivg.it\/ediapi\/wp\/v2\/posts\/492211\/revisions"}],"wp:attachment":[{"href":"https:\/\/staging.ivg.it\/ediapi\/wp\/v2\/media?parent=492211"}],"wp:term":[{"taxonomy":"category","embeddable":true,"href":"https:\/\/staging.ivg.it\/ediapi\/wp\/v2\/categories?post=492211"},{"taxonomy":"post_tag","embeddable":true,"href":"https:\/\/staging.ivg.it\/ediapi\/wp\/v2\/tags?post=492211"}],"curies":[{"name":"wp","href":"https:\/\/api.w.org\/{rel}","templated":true}]}}