{"id":492207,"date":"2020-03-12T17:08:29","date_gmt":"2020-03-12T16:08:29","guid":{"rendered":"http:\/\/www.ivg.it\/?p=492207"},"modified":"2020-03-12T17:08:29","modified_gmt":"2020-03-12T16:08:29","slug":"coronavirus-battelli-m5s-contro-lepidemia-serve-coordinamento-ue-oppure-sforzi-vani","status":"publish","type":"post","link":"https:\/\/staging.ivg.it\/2020\/03\/coronavirus-battelli-m5s-contro-lepidemia-serve-coordinamento-ue-oppure-sforzi-vani\/","title":{"rendered":"Coronavirus, Battelli (M5S): &#8220;Contro l&#8217;epidemia serve coordinamento Ue, oppure sforzi vani&#8221;"},"content":{"rendered":"<p><strong>Liguria<\/strong>. &#8220;La Cina ha superato il picco di trasmissione ma registra nuovi casi importati dall&#8217;estero, il cosiddetto &#8216;contagio di ritorno&#8217;. Ecco perch\u00e9 credo che l&#8217;Ue debba prendere seriamente in considerazione la necessit\u00e0 di adottare protocolli comuni a tutti gli Stati membri per evitare di vanificare gli sforzi che, l&#8217;Italia per prima, sta responsabilmente compiendo&#8221;. Cos\u00ec, in una nota, il parlamentare M5S\u00a0<strong>Sergio Battelli<\/strong>.<\/p>\n<p>&#8220;Gli strumenti offerti dal diritto europeo non mancano &#8211; prosegue Battelli &#8211; ricordo che l&#8217;articolo 196 del Trattato sul funzionamento dell&#8217;Ue fornisce una base giuridica ad hoc per azioni di sostegno, supporto e coordinamento in materia di protezione civile. In attuazione di questa disposizione la Decisione n. 1313\/2013\/UE ha istituito il cosiddetto &#8216;Meccanismo unionale&#8217; di protezione civile, che risulta applicabile a qualsiasi situazione che possa avere conseguenze gravi sulle persone. E&#8217; quindi il caso della pandemia in corso. L&#8217;art. 168 del TFUE, poi, consente a Parlamento e Consiglio di adottare misure di incentivazione per la protezione ed il miglioramento della salute umana, &#8216;in particolare per lottare contro i grandi flagelli che si propagano oltre frontiera&#8217;, nonch\u00e9 &#8216;misure concernenti la sorveglianza, l&#8217;allarme e la lotta contro gravi minacce per la salute a carattere transfrontaliero&#8217;. Direi che la definizione calza a pennello&#8221;.<\/p>\n<p>&#8220;Chiaramente parliamo di azioni di coordinamento e supporto perch\u00e9 l&#8217;Ue non pu\u00f2 certo sostituirsi all&#8217;azione, o all&#8217;inazione, dei Paesi membri. E&#8217; quindi necessaria un&#8217;immediata presa di consapevolezza da parte di tutti gli Stati, anche di quelli che per settimane hanno sminuito la situazione che siamo costretti ad affrontare. Grazie alle misure ferree, ma necessarie, l&#8217;Italia pu\u00f2 essere un modello per tutta l&#8217;Europa. E&#8217; il tempo della responsabilit\u00e0 e dell&#8217;azione. Nessuno si pu\u00f2 sottrarre&#8221;, ha concluso.<\/p>\n","protected":false},"excerpt":{"rendered":"<p>Le parole del Presidente della Commissione per le Politiche Ue della Camera dei Deputati<\/p>\n","protected":false},"author":20094,"featured_media":0,"comment_status":"open","ping_status":"closed","sticky":false,"template":"","format":"standard","meta":{"footnotes":""},"categories":[56],"tags":[112429,111891,44585,112307],"class_list":["post-492207","post","type-post","status-publish","format-standard","hentry","category-altre","tag-allarme-coronavirus","tag-coronavirus","tag-m5s","tag-m5s-liguria","post_tag_personaggi-sergio-battelli"],"amp_validity":null,"amp_enabled":true,"_links":{"self":[{"href":"https:\/\/staging.ivg.it\/ediapi\/wp\/v2\/posts\/492207","targetHints":{"allow":["GET"]}}],"collection":[{"href":"https:\/\/staging.ivg.it\/ediapi\/wp\/v2\/posts"}],"about":[{"href":"https:\/\/staging.ivg.it\/ediapi\/wp\/v2\/types\/post"}],"author":[{"embeddable":true,"href":"https:\/\/staging.ivg.it\/ediapi\/wp\/v2\/users\/20094"}],"replies":[{"embeddable":true,"href":"https:\/\/staging.ivg.it\/ediapi\/wp\/v2\/comments?post=492207"}],"version-history":[{"count":0,"href":"https:\/\/staging.ivg.it\/ediapi\/wp\/v2\/posts\/492207\/revisions"}],"wp:attachment":[{"href":"https:\/\/staging.ivg.it\/ediapi\/wp\/v2\/media?parent=492207"}],"wp:term":[{"taxonomy":"category","embeddable":true,"href":"https:\/\/staging.ivg.it\/ediapi\/wp\/v2\/categories?post=492207"},{"taxonomy":"post_tag","embeddable":true,"href":"https:\/\/staging.ivg.it\/ediapi\/wp\/v2\/tags?post=492207"}],"curies":[{"name":"wp","href":"https:\/\/api.w.org\/{rel}","templated":true}]}}