{"id":492134,"date":"2020-03-11T17:53:03","date_gmt":"2020-03-11T16:53:03","guid":{"rendered":"http:\/\/www.ivg.it\/?p=492134"},"modified":"2020-03-11T17:53:03","modified_gmt":"2020-03-11T16:53:03","slug":"coronavirus-i-consiglieri-comunali-di-patto-per-varazze-ammortizzatori-adeguati-per-le-categorie-colpite","status":"publish","type":"post","link":"https:\/\/staging.ivg.it\/2020\/03\/coronavirus-i-consiglieri-comunali-di-patto-per-varazze-ammortizzatori-adeguati-per-le-categorie-colpite\/","title":{"rendered":"Coronavirus, i consiglieri comunali di &#8220;Patto per Varazze: &#8220;Ammortizzatori adeguati per le categorie colpite&#8221;"},"content":{"rendered":"<p><strong>Varazze.\u00a0<\/strong>&#8220;Il nostro gruppo \u00e8 ben conscio che i varazzini, come tutti gli italiani,\u00a0stanno vivendo giornate di grossa preoccupazione per la situazione sanitaria. L&#8217;invito \u00e8 di rispettare diligentemente la consegna di restare a casa. Contemporaneamente per\u00f2 si devono prevenire e affrontare le criticit\u00e0 dal punto di vista economico che tale stato di cose genera per i lavoratori autonomi, i commercianti, gli esercenti e gli albergatori. Che rappresentano una fetta importante della nostra economia cittadina&#8221;. A comunicarlo, in una nota, \u00e8 il gruppo consiliare di opposizione &#8220;Patto per Varazze&#8221;.<\/p>\n<p>Spiegano dalla minoranza: &#8220;In attesa dei provvedimenti del Governo in materia di agevolazioni fiscali\u00a0ed economiche per tutti gli italiani \u00e8 doveroso che il nostro comune si adoperi per quanto in suo potere per trovare adeguati ammortizzatori.\u00a0Gi\u00e0 una settimana di fermo porter\u00e0 criticit\u00e0 nei conti di molte piccole realt\u00e0 produttive, il procrastinarsi di tale situazione per pi\u00f9 di una settimana se non un mese sar\u00e0 devastante. Molti \u00a0stanno gi\u00e0 da ora entrando in sofferenza perch\u00e8 le spese e gli adempimenti fiscali non si arrestano&#8221;.<\/p>\n<p>Ci rendiamo disponibili ad un confronto, con i mezzi che l&#8217;emergenza consente, per valutare proposte fattive quali ad esempio:\u00a0la sospensione dell&#8217; applicazione dell&#8217;addizionale IRPEF, \u00a0in quanto non necessaria per l&#8217;anno finanziario in corso.\u00a0Interventi sulla TARI affinch\u00e8 se ne riducano le aliquote ovvero se ne proroghino e dilazionino i pagamenti. \u00a0Chiediamo di impegnarci per evitare di trovarsi a fine anno in una citt\u00e0 con importanti avanzi di amministrazione \u00a0(il che significa denari in cassa non utilizzati) nel bilancio comunale, e dall&#8217;altra, imprese e attivit\u00e0 commerciali chiuse e fallite per il perdurare di questo stato emergenziale&#8221; concludono dalla minoranza.<\/p>\n<p><strong><a href=\"https:\/\/www.ivg.it\/tag\/coronavirus\/\" target=\"_blank\" rel=\"noopener\">TUTTI GLI AGGIORNAMENTI SULL&#8217;EMERGENZA<\/a><\/strong><\/p>\n","protected":false},"excerpt":{"rendered":"<p>&#8220;Una settimana di fermo porter\u00e0 criticit\u00e0 nei conti di molte piccole realt\u00e0 produttive&#8221;<\/p>\n","protected":false},"author":17962,"featured_media":0,"comment_status":"open","ping_status":"closed","sticky":false,"template":"","format":"standard","meta":{"footnotes":""},"categories":[45296,34,35,31],"tags":[111891],"class_list":["post-492134","post","type-post","status-publish","format-standard","hentry","category-copertina","category-cronaca","category-economia","category-politica","tag-coronavirus","post_cat_citta-varazze"],"amp_validity":null,"amp_enabled":true,"_links":{"self":[{"href":"https:\/\/staging.ivg.it\/ediapi\/wp\/v2\/posts\/492134","targetHints":{"allow":["GET"]}}],"collection":[{"href":"https:\/\/staging.ivg.it\/ediapi\/wp\/v2\/posts"}],"about":[{"href":"https:\/\/staging.ivg.it\/ediapi\/wp\/v2\/types\/post"}],"author":[{"embeddable":true,"href":"https:\/\/staging.ivg.it\/ediapi\/wp\/v2\/users\/17962"}],"replies":[{"embeddable":true,"href":"https:\/\/staging.ivg.it\/ediapi\/wp\/v2\/comments?post=492134"}],"version-history":[{"count":0,"href":"https:\/\/staging.ivg.it\/ediapi\/wp\/v2\/posts\/492134\/revisions"}],"wp:attachment":[{"href":"https:\/\/staging.ivg.it\/ediapi\/wp\/v2\/media?parent=492134"}],"wp:term":[{"taxonomy":"category","embeddable":true,"href":"https:\/\/staging.ivg.it\/ediapi\/wp\/v2\/categories?post=492134"},{"taxonomy":"post_tag","embeddable":true,"href":"https:\/\/staging.ivg.it\/ediapi\/wp\/v2\/tags?post=492134"}],"curies":[{"name":"wp","href":"https:\/\/api.w.org\/{rel}","templated":true}]}}