{"id":492133,"date":"2020-03-11T17:41:37","date_gmt":"2020-03-11T16:41:37","guid":{"rendered":"http:\/\/www.ivg.it\/?p=492133"},"modified":"2020-03-11T17:41:37","modified_gmt":"2020-03-11T16:41:37","slug":"coronavirus-ripamonti-lega-su-savona-funivie-serve-emendamento-ad-hoc","status":"publish","type":"post","link":"https:\/\/staging.ivg.it\/2020\/03\/coronavirus-ripamonti-lega-su-savona-funivie-serve-emendamento-ad-hoc\/","title":{"rendered":"Coronavirus, Ripamonti (Lega): &#8220;Su Savona Funivie serve emendamento ad hoc&#8221;"},"content":{"rendered":"<p><strong>Savona.\u00a0<\/strong>&#8220;Presentero&#8217; un emendamento al decreto sull&#8217;emergenza Coronavirus che riporti fedelmente il testo del DDL. 1727 sulle Funivie Savona&#8221;. A comunicarlo, in una nota, \u00e8 il senatore savonese della Lega Paolo Ripamonti.<\/p>\n<p>Spiega Ripamonti: &#8220;Questo atto si e&#8217; reso necessario in quanto, alla luce dell&#8217;emergenza, non \u00e8 stato possibile affrontare l&#8217;iter previsto per i disegni di legge. Non mi voglio soffermare per spirito di responsabilit\u00e0, sulla circostanza che attraverso l&#8217;utilizzo dello strumento del decreto legge ad oggi la questione Funivie sarebbe risolta, garantendo cosi ai lavoratori e alle lavoratrici la giusta tranquillit\u00e0 ed alla tratta le risorse per la sua ricostruzione, ma mi si consenta di affermare che a volte occorre il coraggio delle azioni nel momento in cui sono necessarie&#8221;.<\/p>\n<p>&#8220;Ora mi aspetto, ma ne sono certo, che il governo recepisca l&#8217;emendamento e qualora anche la maggioranza lo presentasse, diventi un emendamento di tutti come di tutti lo e&#8217; stata la sottoscrizione del disegno di legge, perch\u00e9 in questo momento di enormi difficolt\u00e0, nessuno pu\u00f2 essere lasciato indietro. Noi ci siamo senza se e senza ma&#8221; ha concluso il\u00a0vicepresidente della commissione Industria turismo e commercio a Palazzo Madama.<\/p>\n<p><strong><a href=\"https:\/\/www.ivg.it\/tag\/coronavirus\/\" target=\"_blank\" rel=\"noopener\">TUTTI GLI AGGIORNAMENTI SULL&#8217;EMERGENZA<\/a><\/strong><\/p>\n","protected":false},"excerpt":{"rendered":"<p>&#8220;In questo momento di enormi difficolt\u00e0, nessuno pu\u00f2 essere lasciato indietro&#8221;<\/p>\n","protected":false},"author":17962,"featured_media":0,"comment_status":"open","ping_status":"closed","sticky":false,"template":"","format":"standard","meta":{"footnotes":""},"categories":[45296,34,35,31],"tags":[111891,6149],"class_list":["post-492133","post","type-post","status-publish","format-standard","hentry","category-copertina","category-cronaca","category-economia","category-politica","tag-coronavirus","tag-funivie","post_cat_citta-savona","post_tag_personaggi-paolo-ripamonti"],"amp_validity":null,"amp_enabled":true,"_links":{"self":[{"href":"https:\/\/staging.ivg.it\/ediapi\/wp\/v2\/posts\/492133","targetHints":{"allow":["GET"]}}],"collection":[{"href":"https:\/\/staging.ivg.it\/ediapi\/wp\/v2\/posts"}],"about":[{"href":"https:\/\/staging.ivg.it\/ediapi\/wp\/v2\/types\/post"}],"author":[{"embeddable":true,"href":"https:\/\/staging.ivg.it\/ediapi\/wp\/v2\/users\/17962"}],"replies":[{"embeddable":true,"href":"https:\/\/staging.ivg.it\/ediapi\/wp\/v2\/comments?post=492133"}],"version-history":[{"count":0,"href":"https:\/\/staging.ivg.it\/ediapi\/wp\/v2\/posts\/492133\/revisions"}],"wp:attachment":[{"href":"https:\/\/staging.ivg.it\/ediapi\/wp\/v2\/media?parent=492133"}],"wp:term":[{"taxonomy":"category","embeddable":true,"href":"https:\/\/staging.ivg.it\/ediapi\/wp\/v2\/categories?post=492133"},{"taxonomy":"post_tag","embeddable":true,"href":"https:\/\/staging.ivg.it\/ediapi\/wp\/v2\/tags?post=492133"}],"curies":[{"name":"wp","href":"https:\/\/api.w.org\/{rel}","templated":true}]}}