{"id":491796,"date":"2020-03-06T18:38:37","date_gmt":"2020-03-06T17:38:37","guid":{"rendered":"http:\/\/www.ivg.it\/?p=491796"},"modified":"2020-03-06T18:48:19","modified_gmt":"2020-03-06T17:48:19","slug":"coronavirus-verso-accordo-tra-sindacati-e-regione-per-le-misure-a-sostegno-dei-lavoratori","status":"publish","type":"post","link":"https:\/\/staging.ivg.it\/2020\/03\/coronavirus-verso-accordo-tra-sindacati-e-regione-per-le-misure-a-sostegno-dei-lavoratori\/","title":{"rendered":"Coronavirus, verso accordo tra sindacati e Regione per le misure a sostegno dei lavoratori"},"content":{"rendered":"<p><strong>Liguria.<\/strong> Si \u00e8 aggiornato questo pomeriggio il tavolo permanente tra Cgil Cisl Uil Liguria e Regione sull&#8217;emergenza lavoro legata al coronavirus. Presenti i segretari generali Federico Vesigna, Luca Maestripieri e il segretario regionale Uil Fabio Servidei. <\/p>\n<p>Durante l&#8217;incontro \u00e8 stato convenuto di aggiornare il tavolo dopo l&#8217;emanazione del Decreto del Governo che stanzier\u00e0 le risorse necessarie a far fronte alle tante criticit\u00e0 legate al mondo del lavoro.<\/p>\n<p>L&#8217;accordo sindacale con Cgil Cisl Uil e Regione Liguria conterr\u00e0 I criteri per l&#8217;utilizzo degli ammortizzatori sociali destinati alla tutela del reddito delle migliaia di lavoratori in difficolt\u00e0, a partire da quelli delle mense, terzo settore per arrivare al comparto del turismo e ai settori maggiormente colpiti.<\/p>\n<p>Gli effetti del coronavirus stanno infatti assumento dimensioni pesanti per il tessuto produttivo ligure e savonese: il settore turistico nel suo complesso, ma anche il comparto agricolo, industriale e dei trasporti sta affrontando un momento difficile, in particolare le associazioni e categorie economiche sono preoccupate per il &#8220;lungo periodo&#8221;, anche perch\u00e8 non si conosce ancora quando questa emergenza sar\u00e0 finita e ci sar\u00e0 un ritorno alla normalit\u00e0.<\/p>\n<p>I sindacati auspicano la terapia d&#8217;urto indicata dal Governo e sostegno immediato a tanti lavoratori in grave difficolt\u00e0 per questa situazione.<\/p>\n","protected":false},"excerpt":{"rendered":"<p>Tavolo permanente con le organizzazioni sindacali che attendono le risorse che saranno stanziate dal Governo<\/p>\n","protected":false},"author":4,"featured_media":0,"comment_status":"open","ping_status":"closed","sticky":false,"template":"","format":"standard","meta":{"footnotes":""},"categories":[56],"tags":[111891,112529],"class_list":["post-491796","post","type-post","status-publish","format-standard","hentry","category-altre","tag-coronavirus","tag-effetti-coronavirus"],"amp_validity":null,"amp_enabled":true,"_links":{"self":[{"href":"https:\/\/staging.ivg.it\/ediapi\/wp\/v2\/posts\/491796","targetHints":{"allow":["GET"]}}],"collection":[{"href":"https:\/\/staging.ivg.it\/ediapi\/wp\/v2\/posts"}],"about":[{"href":"https:\/\/staging.ivg.it\/ediapi\/wp\/v2\/types\/post"}],"author":[{"embeddable":true,"href":"https:\/\/staging.ivg.it\/ediapi\/wp\/v2\/users\/4"}],"replies":[{"embeddable":true,"href":"https:\/\/staging.ivg.it\/ediapi\/wp\/v2\/comments?post=491796"}],"version-history":[{"count":0,"href":"https:\/\/staging.ivg.it\/ediapi\/wp\/v2\/posts\/491796\/revisions"}],"wp:attachment":[{"href":"https:\/\/staging.ivg.it\/ediapi\/wp\/v2\/media?parent=491796"}],"wp:term":[{"taxonomy":"category","embeddable":true,"href":"https:\/\/staging.ivg.it\/ediapi\/wp\/v2\/categories?post=491796"},{"taxonomy":"post_tag","embeddable":true,"href":"https:\/\/staging.ivg.it\/ediapi\/wp\/v2\/tags?post=491796"}],"curies":[{"name":"wp","href":"https:\/\/api.w.org\/{rel}","templated":true}]}}