{"id":49167,"date":"2009-02-05T11:48:24","date_gmt":"2009-02-05T10:48:24","guid":{"rendered":"http:\/\/www.ivg.it\/2009\/02\/05\/savona-conferenza-su-le-stagioni-del-lied-tedesco\/"},"modified":"2009-02-05T11:48:24","modified_gmt":"2009-02-05T10:48:24","slug":"savona-conferenza-su-le-stagioni-del-lied-tedesco","status":"publish","type":"post","link":"https:\/\/staging.ivg.it\/2009\/02\/savona-conferenza-su-le-stagioni-del-lied-tedesco\/","title":{"rendered":"Savona, conferenza su &#8220;Le stagioni del Lied tedesco&#8221;"},"content":{"rendered":"<p><strong>[thumb:10484:l]Savona. <\/strong>Si svolger\u00e0 gioved\u00ec 12 febbraio, alle 20,45, presso la Sala Rossa del Comune di Savona, la conferenza &#8220;Le stagioni del Lied tedesco&#8221;. Parrteciperanno Alberto Jona (conservatorio di Torino), Gustavo Malvezzi (conservatorio di Como) e Giuseppe Giusta (conservatorio di Cuneo). Inoltre durante la serata Jacopo Marchisio, della cantina teatrale &#8220;Cattivi Maestri&#8221; legger\u00e0 alcuni dei lieder pi\u00f9 significativi.<\/p>\n<p>La conferenza si svolger\u00e0 in vista del concerto di luned\u00ec 16 febbraio al Teatro Nuovo di Valleggia, che vedr\u00e0 impegnato il trio composto da Monica Tarone, soprano, Alessandra Andreetti, mezzosoprano, e Giuseppe Giusta, pianoforte. Saranno eseguiti duetti di Mendelssohn per voci femminili e di Brahms, fino a giungere alle straordinarie pagine di Richard Strauss e von Zemlinsky.<\/p>\n","protected":false},"excerpt":{"rendered":"<p>[thumb:10484:l]Savona. Si svolger\u00e0 gioved\u00ec 12 febbraio, alle 20,45, presso la Sala Rossa del Comune di Savona, la conferenza &#8220;Le stagioni del Lied tedesco&#8221;. Parrteciperanno Alberto Jona (conservatorio di Torino), Gustavo Malvezzi (conservatorio di Como) e Giuseppe Giusta (conservatorio di Cuneo). Inoltre durante la serata Jacopo Marchisio, della cantina teatrale &#8220;Cattivi Maestri&#8221; legger\u00e0 alcuni dei lieder [&hellip;]<\/p>\n","protected":false},"author":1385,"featured_media":0,"comment_status":"open","ping_status":"closed","sticky":false,"template":"","format":"standard","meta":{"footnotes":""},"categories":[],"tags":[2166,826,85850],"class_list":["post-49167","post","type-post","status-publish","format-standard","hentry","tag-associazione-rossini","tag-musica","tag-savona","post_cat_citta-quiliano","post_cat_citta-savona"],"amp_validity":null,"amp_enabled":true,"_links":{"self":[{"href":"https:\/\/staging.ivg.it\/ediapi\/wp\/v2\/posts\/49167","targetHints":{"allow":["GET"]}}],"collection":[{"href":"https:\/\/staging.ivg.it\/ediapi\/wp\/v2\/posts"}],"about":[{"href":"https:\/\/staging.ivg.it\/ediapi\/wp\/v2\/types\/post"}],"author":[{"embeddable":true,"href":"https:\/\/staging.ivg.it\/ediapi\/wp\/v2\/users\/1385"}],"replies":[{"embeddable":true,"href":"https:\/\/staging.ivg.it\/ediapi\/wp\/v2\/comments?post=49167"}],"version-history":[{"count":0,"href":"https:\/\/staging.ivg.it\/ediapi\/wp\/v2\/posts\/49167\/revisions"}],"wp:attachment":[{"href":"https:\/\/staging.ivg.it\/ediapi\/wp\/v2\/media?parent=49167"}],"wp:term":[{"taxonomy":"category","embeddable":true,"href":"https:\/\/staging.ivg.it\/ediapi\/wp\/v2\/categories?post=49167"},{"taxonomy":"post_tag","embeddable":true,"href":"https:\/\/staging.ivg.it\/ediapi\/wp\/v2\/tags?post=49167"}],"curies":[{"name":"wp","href":"https:\/\/api.w.org\/{rel}","templated":true}]}}