{"id":491665,"date":"2020-03-05T14:42:46","date_gmt":"2020-03-05T13:42:46","guid":{"rendered":"http:\/\/www.ivg.it\/?p=491665"},"modified":"2020-03-05T14:42:46","modified_gmt":"2020-03-05T13:42:46","slug":"lavoro-ai-tempi-del-coronavirus-cna-siglato-un-accordo-a-sostegno-delle-aziende-e-dei-lavoratori","status":"publish","type":"post","link":"https:\/\/staging.ivg.it\/2020\/03\/lavoro-ai-tempi-del-coronavirus-cna-siglato-un-accordo-a-sostegno-delle-aziende-e-dei-lavoratori\/","title":{"rendered":"Lavoro ai tempi del Coronavirus, CNA: &#8220;Siglato un accordo a sostegno delle aziende e dei lavoratori&#8221;"},"content":{"rendered":"<p><strong>Regione.\u00a0<\/strong>In attesa dell&#8217;annunciato decreto legge che conterr\u00e0 anche provvedimenti in materia di ammortizzatori sociali, visto anche l&#8217;intensificarsi del livello d&#8217;allerta nazionale sul Coronavirus e della brusca frenata economica che gi\u00e0 si sta registrando in alcune zone e in alcune settori, CNA, Casartigiani, Confartigianato, CLAAI, e CGIL, CISL e Uil hanno siglato un accordo interconfederale a sostegno dell&#8217;utilizzo degli strumenti della bilateralit\u00e0 da parte di aziende e lavoratori.<\/p>\n<p>Ricorrendo alla sfera di applicazione del Fondo di Solidariet\u00e0 Bilaterale per l&#8217;artigianato (FSBA), le parti sociali hanno introdotto uno specifico intervento di integrazione del reddito, pari a venti settimane nell&#8217;arco del biennio mobile, per i casi di sospensione delle attivit\u00e0 lavorative determinate dall&#8217;epidemia.<\/p>\n<p>&#8220;Per garantire la pi\u00f9 ampia semplificazione delle procedure e la tempestivit\u00e0 delle azioni, il fondo \u00e8 gi\u00e0 impegnato nella definizione di schemi di accordo tipo per l&#8217;erogazione delle prestazioni \u2013 spiegano Angelo Matellini e Massimo Cappanera, Presidente e Vice Presidente Eblig Liguria -, nonch\u00e9 nell&#8217;individuazione della dotazione complessiva delle risorse economiche da stanziare. Continueremo a monitorare l&#8217;evoluzione della problematica, anche al fine di comprendere come le nostre prestazioni possano interagire con le misure che saranno messe in campo dal Governo. L&#8217;accordo prevede ampie prestazioni e le garantisce a tutte le imprese, ovunque collocate sul territorio nazionale. L&#8217;epidemia, infatti, sta producendo effetti pregiudizievoli non solo nei confronti delle Imprese che si trovano nelle zone a maggior rischio di contagio, ma anche agli attori della filiera e dell&#8217;indotto, che, se non venissero inclusi tra i beneficiari delle prestazioni di FSBA, rischierebbero di essere doppiamente danneggiati&#8221;.<\/p>\n<p>L&#8217;ammontare dell&#8217;assegno ordinario previsto dal fondo \u00e8 pari all&#8217;80 per cento della retribuzione che sarebbe spettata al lavoratore (sino ad un massimale lordo di \u20ac 1199,72). Il sistema informativo prevede l&#8217;introduzione di una specifica causale &#8220;Covid-19 \u2013 Coronavirus&#8221;, \u00e8 stato inoltre predisposto da parte del Fondo un apposito modello semplificato di accordo sindacale con possibilit\u00e0 di sottoscrizione telematica.<\/p>\n","protected":false},"excerpt":{"rendered":"<p>Lo comunica la confederazione nazionale dell&#8217;artigianato e della piccola e media impresa<\/p>\n","protected":false},"author":17962,"featured_media":0,"comment_status":"open","ping_status":"closed","sticky":false,"template":"","format":"standard","meta":{"footnotes":""},"categories":[45296,56,34,35],"tags":[4118,111891],"class_list":["post-491665","post","type-post","status-publish","format-standard","hentry","category-copertina","category-altre","category-cronaca","category-economia","tag-cna","tag-coronavirus"],"amp_validity":null,"amp_enabled":true,"_links":{"self":[{"href":"https:\/\/staging.ivg.it\/ediapi\/wp\/v2\/posts\/491665","targetHints":{"allow":["GET"]}}],"collection":[{"href":"https:\/\/staging.ivg.it\/ediapi\/wp\/v2\/posts"}],"about":[{"href":"https:\/\/staging.ivg.it\/ediapi\/wp\/v2\/types\/post"}],"author":[{"embeddable":true,"href":"https:\/\/staging.ivg.it\/ediapi\/wp\/v2\/users\/17962"}],"replies":[{"embeddable":true,"href":"https:\/\/staging.ivg.it\/ediapi\/wp\/v2\/comments?post=491665"}],"version-history":[{"count":0,"href":"https:\/\/staging.ivg.it\/ediapi\/wp\/v2\/posts\/491665\/revisions"}],"wp:attachment":[{"href":"https:\/\/staging.ivg.it\/ediapi\/wp\/v2\/media?parent=491665"}],"wp:term":[{"taxonomy":"category","embeddable":true,"href":"https:\/\/staging.ivg.it\/ediapi\/wp\/v2\/categories?post=491665"},{"taxonomy":"post_tag","embeddable":true,"href":"https:\/\/staging.ivg.it\/ediapi\/wp\/v2\/tags?post=491665"}],"curies":[{"name":"wp","href":"https:\/\/api.w.org\/{rel}","templated":true}]}}