{"id":49166,"date":"2009-02-05T11:37:22","date_gmt":"2009-02-05T10:37:22","guid":{"rendered":"http:\/\/www.ivg.it\/2009\/02\/05\/albenga-una-giornata-di-studio-dedicata-ai-diritti-umani\/"},"modified":"2009-02-05T11:37:22","modified_gmt":"2009-02-05T10:37:22","slug":"albenga-una-giornata-di-studio-dedicata-ai-diritti-umani","status":"publish","type":"post","link":"https:\/\/staging.ivg.it\/2009\/02\/albenga-una-giornata-di-studio-dedicata-ai-diritti-umani\/","title":{"rendered":"Albenga, una giornata di studio dedicata ai diritti umani"},"content":{"rendered":"<p><strong>[thumb:4406:l]Albenga. <\/strong>Si terr\u00e0 sabato 7 febbraio l&#8217;iniziativa &#8220;Un punto di partenza: i diritti umani&#8221;, giornata di studio organizzata dalla Caritas diocesana di Albenga-Imperia in collaborazione con il Cesavo e la partecipazione dell&#8217;istituto per il diritto internazionale umanitario di Sanremo ed il centro studi &#8220;Med\u00ec&#8221;.<\/p>\n<p>Il convegno, che prender\u00e0 il via alle 9,30, si svolger\u00e0 presso il seminario vescovile ingauno di via Galileo Galilei.<\/p>\n","protected":false},"excerpt":{"rendered":"<p>[thumb:4406:l]Albenga. Si terr\u00e0 sabato 7 febbraio l&#8217;iniziativa &#8220;Un punto di partenza: i diritti umani&#8221;, giornata di studio organizzata dalla Caritas diocesana di Albenga-Imperia in collaborazione con il Cesavo e la partecipazione dell&#8217;istituto per il diritto internazionale umanitario di Sanremo ed il centro studi &#8220;Med\u00ec&#8221;. Il convegno, che prender\u00e0 il via alle 9,30, si svolger\u00e0 presso [&hellip;]<\/p>\n","protected":false},"author":1385,"featured_media":0,"comment_status":"open","ping_status":"closed","sticky":false,"template":"","format":"standard","meta":{"footnotes":""},"categories":[56],"tags":[85841,4071,876,6390],"class_list":["post-49166","post","type-post","status-publish","format-standard","hentry","category-altre","tag-albenga","tag-cesavo","tag-convegno","tag-diritti-umani","post_cat_citta-albenga","post_cat_citta-andora"],"amp_validity":null,"amp_enabled":true,"_links":{"self":[{"href":"https:\/\/staging.ivg.it\/ediapi\/wp\/v2\/posts\/49166","targetHints":{"allow":["GET"]}}],"collection":[{"href":"https:\/\/staging.ivg.it\/ediapi\/wp\/v2\/posts"}],"about":[{"href":"https:\/\/staging.ivg.it\/ediapi\/wp\/v2\/types\/post"}],"author":[{"embeddable":true,"href":"https:\/\/staging.ivg.it\/ediapi\/wp\/v2\/users\/1385"}],"replies":[{"embeddable":true,"href":"https:\/\/staging.ivg.it\/ediapi\/wp\/v2\/comments?post=49166"}],"version-history":[{"count":0,"href":"https:\/\/staging.ivg.it\/ediapi\/wp\/v2\/posts\/49166\/revisions"}],"wp:attachment":[{"href":"https:\/\/staging.ivg.it\/ediapi\/wp\/v2\/media?parent=49166"}],"wp:term":[{"taxonomy":"category","embeddable":true,"href":"https:\/\/staging.ivg.it\/ediapi\/wp\/v2\/categories?post=49166"},{"taxonomy":"post_tag","embeddable":true,"href":"https:\/\/staging.ivg.it\/ediapi\/wp\/v2\/tags?post=49166"}],"curies":[{"name":"wp","href":"https:\/\/api.w.org\/{rel}","templated":true}]}}