{"id":491545,"date":"2020-03-04T13:00:29","date_gmt":"2020-03-04T12:00:29","guid":{"rendered":"http:\/\/www.ivg.it\/?p=491545"},"modified":"2020-03-04T13:47:05","modified_gmt":"2020-03-04T12:47:05","slug":"sanita-sono-761-i-candidati-per-48-posti-da-tecnico-sanitario-di-laboratorio-biomedico","status":"publish","type":"post","link":"https:\/\/staging.ivg.it\/2020\/03\/sanita-sono-761-i-candidati-per-48-posti-da-tecnico-sanitario-di-laboratorio-biomedico\/","title":{"rendered":"Sanit\u00e0, sono 761 i candidati per 48 posti da tecnico sanitario di laboratorio biomedico"},"content":{"rendered":"<p><b>Regione. <\/b>Sono 761 le candidature pervenute per i 48 posti da tecnico sanitario di laboratorio biomedico messi a bando da Alisa per l&#8217;assunzione a tempo indeterminato nel sistema sanitario ligure.<\/p>\n<p>Il 2 marzo \u00e8 scaduto il termine per la presentazione delle domande. Per la prima volta, \u00e8 stato bandito un concorso unificato a livello regionale da parte di Alisa, delegando le procedure alla Asl2.<\/p>\n<p>&#8220;La sanit\u00e0 non si \u00e8 fermata \u2013 afferma la vicepresidente e assessore alla Sanit\u00e0 Sonia Viale \u2013 nonostante l&#8217;emergenza che stiamo affrontando e anche i concorsi per l&#8217;assunzione di personale continuano a svolgersi\u201d.<\/p>\n<p>\u201cL\u2019emanazione di un unico bando di concorso per tutto il territorio conferma l&#8217;azione di Alisa nei suoi compiti di programmazione, in primis delle risorse umane, con una semplificazione delle procedure, facilitando in questo modo anche la vita dei futuri vincitori, che, grazie alla formazione di un&#8217;unica graduatoria valida in tutta la Liguria, potranno individuare la sede di preferenza evitando inutili passaggi da un&#8217;Asl all&#8217;altra per avvicinarsi alla sede prescelta&#8221;.<\/p>\n<p>&#8220;Ora si far\u00e0 nel pi\u00f9 breve tempo possibile la selezione per avere nuove professionalit\u00e0 che integrino l&#8217;organico esistente o sostituiscano anche quelle andate in pensione o che lo faranno prossimamente&#8221;, ha concluso Viale.<\/p>\n<p>I posti a bando sono complessivamente 48, cos\u00ec suddivisi:<br \/>\nAsl1 \u2013 3 posti<br \/>\nAsl2 \u2013 18 posti<br \/>\nArea Metropolitana \u2013 17 posti (10 nella Asl3, 2 all&#8217;Ospedale Policlinico San Martino, 4 posti al Gaslini, 1 all&#8217;ospedale Evangelico)<br \/>\nAsl4 \u2013 4 posti<\/p>\n","protected":false},"excerpt":{"rendered":"<p>Il vicepresidente Viale: \u201cSanit\u00e0 non si ferma, avanti anche i bandi per le assunzioni\u201d<\/p>\n","protected":false},"author":18599,"featured_media":0,"comment_status":"open","ping_status":"closed","sticky":false,"template":"","format":"standard","meta":{"footnotes":""},"categories":[56],"tags":[111],"class_list":["post-491545","post","type-post","status-publish","format-standard","hentry","category-altre","tag-sanita","post_tag_personaggi-sonia-viale"],"amp_validity":null,"amp_enabled":true,"_links":{"self":[{"href":"https:\/\/staging.ivg.it\/ediapi\/wp\/v2\/posts\/491545","targetHints":{"allow":["GET"]}}],"collection":[{"href":"https:\/\/staging.ivg.it\/ediapi\/wp\/v2\/posts"}],"about":[{"href":"https:\/\/staging.ivg.it\/ediapi\/wp\/v2\/types\/post"}],"author":[{"embeddable":true,"href":"https:\/\/staging.ivg.it\/ediapi\/wp\/v2\/users\/18599"}],"replies":[{"embeddable":true,"href":"https:\/\/staging.ivg.it\/ediapi\/wp\/v2\/comments?post=491545"}],"version-history":[{"count":0,"href":"https:\/\/staging.ivg.it\/ediapi\/wp\/v2\/posts\/491545\/revisions"}],"wp:attachment":[{"href":"https:\/\/staging.ivg.it\/ediapi\/wp\/v2\/media?parent=491545"}],"wp:term":[{"taxonomy":"category","embeddable":true,"href":"https:\/\/staging.ivg.it\/ediapi\/wp\/v2\/categories?post=491545"},{"taxonomy":"post_tag","embeddable":true,"href":"https:\/\/staging.ivg.it\/ediapi\/wp\/v2\/tags?post=491545"}],"curies":[{"name":"wp","href":"https:\/\/api.w.org\/{rel}","templated":true}]}}