{"id":491313,"date":"2020-03-01T00:00:54","date_gmt":"2020-02-29T23:00:54","guid":{"rendered":"http:\/\/www.ivg.it\/?p=491313"},"modified":"2020-03-01T00:04:34","modified_gmt":"2020-02-29T23:04:34","slug":"il-sindaco-roberto-sasso-del-verme-nessun-allarmismo-laigueglia-e-un-paese-sicuro","status":"publish","type":"post","link":"https:\/\/staging.ivg.it\/2020\/03\/il-sindaco-roberto-sasso-del-verme-nessun-allarmismo-laigueglia-e-un-paese-sicuro\/","title":{"rendered":"Il sindaco Roberto Sasso del Verme: &#8220;Nessun allarmismo, Laigueglia \u00e8 un paese sicuro&#8221;"},"content":{"rendered":"<p><strong>Laigueglia.<\/strong> Il sindaco di Laigueglia, Roberto Sasso del Verme, dopo aver firmato l&#8217;ordinanza che ha disposto il sequestro dell&#8217;hotel Garden, avviando cos\u00ec, il periodo di quarantena, fa il punto sulla situazione.<\/p>\n<p>&#8220;Purtroppo abbiamo avuto un decesso, che \u00e8 una cosa gravissima &#8211; commenta -. Naturalmente ci stringiamo al lutto della famiglia. Alla persona \u00e8 stato fatto il tampone ed \u00e8 risultato positivo, perci\u00f2 abbiamo preso tutte le precauzioni del caso. Ma gi\u00e0 da oggi le avevamo gi\u00e0 prese. Ora c&#8217;\u00e8 una quarantena in corso. Non ci sono problematiche per la popolazione, perci\u00f2 volevo rassicurare i cittadini di Laigueglia che non c&#8217;\u00e8 nessun allarmismo. Per\u00f2 bisogna cercare di contenere, perci\u00f2 abbiamo preso tutte le precauzioni con l&#8217;Asl e la Regione che ci sono state vicine per cercare di limitare il pi\u00f9 possibile il contagio&#8221;.<\/p>\n<p>&#8220;Mi sento di rassicurare tutti che Laigueglia \u00e8 un paese sicuro &#8211; prosegue il sindaco -. Abbiamo avuto questi nostri ospiti, che sono sempre ben accetti, che hanno avuto delle problematiche e purtroppo una signora \u00e8 mancata ma non dobbiamo creare allarmismi oltre quelli che ci devono essere, perch\u00e9 parlando anche con l&#8217;Asl abbiamo preso tutte le precauzioni per garantire la sicurezza del nostro paese&#8221;.<\/p>\n","protected":false},"excerpt":{"rendered":"<p>Attivato il periodo di isolamento dell&#8217;albergo, tutte le precauzioni sono state adottate<\/p>\n","protected":false},"author":18,"featured_media":0,"comment_status":"open","ping_status":"closed","sticky":false,"template":"","format":"standard","meta":{"footnotes":""},"categories":[45296,34],"tags":[112429,111891],"class_list":["post-491313","post","type-post","status-publish","format-standard","hentry","category-copertina","category-cronaca","tag-allarme-coronavirus","tag-coronavirus","post_cat_citta-laigueglia","post_tag_personaggi-roberto-sasso-del-verme"],"amp_validity":null,"amp_enabled":true,"_links":{"self":[{"href":"https:\/\/staging.ivg.it\/ediapi\/wp\/v2\/posts\/491313","targetHints":{"allow":["GET"]}}],"collection":[{"href":"https:\/\/staging.ivg.it\/ediapi\/wp\/v2\/posts"}],"about":[{"href":"https:\/\/staging.ivg.it\/ediapi\/wp\/v2\/types\/post"}],"author":[{"embeddable":true,"href":"https:\/\/staging.ivg.it\/ediapi\/wp\/v2\/users\/18"}],"replies":[{"embeddable":true,"href":"https:\/\/staging.ivg.it\/ediapi\/wp\/v2\/comments?post=491313"}],"version-history":[{"count":0,"href":"https:\/\/staging.ivg.it\/ediapi\/wp\/v2\/posts\/491313\/revisions"}],"wp:attachment":[{"href":"https:\/\/staging.ivg.it\/ediapi\/wp\/v2\/media?parent=491313"}],"wp:term":[{"taxonomy":"category","embeddable":true,"href":"https:\/\/staging.ivg.it\/ediapi\/wp\/v2\/categories?post=491313"},{"taxonomy":"post_tag","embeddable":true,"href":"https:\/\/staging.ivg.it\/ediapi\/wp\/v2\/tags?post=491313"}],"curies":[{"name":"wp","href":"https:\/\/api.w.org\/{rel}","templated":true}]}}