{"id":491279,"date":"2020-02-29T13:59:27","date_gmt":"2020-02-29T12:59:27","guid":{"rendered":"http:\/\/www.ivg.it\/?p=491279"},"modified":"2020-02-29T15:29:26","modified_gmt":"2020-02-29T14:29:26","slug":"coronavirus-dimessi-gli-astigiani-al-san-martino-toti-entro-oggi-rientro-anche-per-i-turisti-lombardi","status":"publish","type":"post","link":"https:\/\/staging.ivg.it\/2020\/02\/coronavirus-dimessi-gli-astigiani-al-san-martino-toti-entro-oggi-rientro-anche-per-i-turisti-lombardi\/","title":{"rendered":"Coronavirus, dimessi gli astigiani al San Martino. Toti: &#8220;Entro oggi rientro anche per i turisti lombardi&#8221;"},"content":{"rendered":"<p><strong>Liguria.<\/strong> &#8220;Buon sabato amici! In Regione siamo gi\u00e0 al lavoro: tra poco in videoconferenza con il premier Conte faremo il punto sul coronavirus e vi aggiorner\u00f2 in diretta qui sulla mia pagina Facebook. In Liguria la situazione al momento \u00e8 sotto controllo: ieri gli ospiti piemontesi degli alberghi di Alassio sono tornati in Piemonte, oggi in accordo con Regione Lombardia prepareremo il rientro anche dei lombardi&#8221;.<\/p>\n<p>Cos\u00ec il presidente di Regione Liguria Giovanni Toti sul suo profilo Facebook. La videoconferenza con il premier Giuseppe Conte e i rappresentanti delle altre regioni \u00e8 in corso.<\/p>\n<p>&#8220;Intanto ieri quattro turisti astigiani positivi al coronavirus ricoverati all&#8217;ospedale San Martino di Genova sono stati dimessi perch\u00e9, viste le loro buone condizioni di salute, potranno proseguire l\u2019isolamento nelle loro case per 14 giorni&#8221;.<\/p>\n<p>&#8220;Forza Liguria, torniamo alla normalit\u00e0!&#8221; conclude Toti.<\/p>\n<p>Sono terminate nella notte, infatti, le operazioni di rientro a casa della comitiva di 36 astigiani facenti parte del gruppo di soggiornanti presso l\u2019hotel di Alassio. Di questi, 28 (comprendenti i 4 dimessi dall\u2019ospedale San Martino di Genova perch\u00e9 asintomatici) sono risultati positivi al test, ma non presentando particolari problemi clinici sono stati tutti posti in isolamento fiduciario domiciliare.<\/p>\n<p>Con il loro arrivo salgono a 43 i casi probabili di contagio presenti sul territorio piemontese, di cui solo 1 confermato dall\u2019Istituto superiore di sanit\u00e0: 35 ad Asti, 3 a Torino, 3 a Novara e 2 nel VCO. Resta immutato il numero dei ricoverati: 1 a Torino, presso l\u2019Amedeo di Savoia, 3 al Cardinal Massaia di Asti e 3 al Maggiore della Carit\u00e0 di Novara. Nessuno in terapia intensiva.<\/p>\n<p><strong><a href=\"https:\/\/www.ivg.it\/tag\/coronavirus\/\" target=\"_blank\" rel=\"noopener\">TUTTI GLI AGGIORNAMENTI SULL&#8217;EMERGENZA<\/a><\/strong><\/p>\n","protected":false},"excerpt":{"rendered":"<p>Videoconferenza con il premier Giuseppe Conte, il punto del governatore ligure sull&#8217;emergenza<\/p>\n","protected":false},"author":4,"featured_media":0,"comment_status":"open","ping_status":"closed","sticky":false,"template":"","format":"standard","meta":{"footnotes":""},"categories":[45296,34,31],"tags":[112429,111891],"class_list":["post-491279","post","type-post","status-publish","format-standard","hentry","category-copertina","category-cronaca","category-politica","tag-allarme-coronavirus","tag-coronavirus","post_tag_personaggi-giovanni-toti"],"amp_validity":null,"amp_enabled":true,"_links":{"self":[{"href":"https:\/\/staging.ivg.it\/ediapi\/wp\/v2\/posts\/491279","targetHints":{"allow":["GET"]}}],"collection":[{"href":"https:\/\/staging.ivg.it\/ediapi\/wp\/v2\/posts"}],"about":[{"href":"https:\/\/staging.ivg.it\/ediapi\/wp\/v2\/types\/post"}],"author":[{"embeddable":true,"href":"https:\/\/staging.ivg.it\/ediapi\/wp\/v2\/users\/4"}],"replies":[{"embeddable":true,"href":"https:\/\/staging.ivg.it\/ediapi\/wp\/v2\/comments?post=491279"}],"version-history":[{"count":0,"href":"https:\/\/staging.ivg.it\/ediapi\/wp\/v2\/posts\/491279\/revisions"}],"wp:attachment":[{"href":"https:\/\/staging.ivg.it\/ediapi\/wp\/v2\/media?parent=491279"}],"wp:term":[{"taxonomy":"category","embeddable":true,"href":"https:\/\/staging.ivg.it\/ediapi\/wp\/v2\/categories?post=491279"},{"taxonomy":"post_tag","embeddable":true,"href":"https:\/\/staging.ivg.it\/ediapi\/wp\/v2\/tags?post=491279"}],"curies":[{"name":"wp","href":"https:\/\/api.w.org\/{rel}","templated":true}]}}