{"id":491126,"date":"2020-02-27T17:12:43","date_gmt":"2020-02-27T16:12:43","guid":{"rendered":"http:\/\/www.ivg.it\/?p=491126"},"modified":"2020-02-27T17:12:43","modified_gmt":"2020-02-27T16:12:43","slug":"tumulazione-animali-daffezione-tosi-m5s-approvazione-proposta-di-legge-da-il-via-a-iter-di-civilta","status":"publish","type":"post","link":"https:\/\/staging.ivg.it\/2020\/02\/tumulazione-animali-daffezione-tosi-m5s-approvazione-proposta-di-legge-da-il-via-a-iter-di-civilta\/","title":{"rendered":"Tumulazione animali d&#8217;affezione, Tosi (M5S): &#8220;Approvazione proposta di legge d\u00e0 il via a iter di civilt\u00e0&#8221;"},"content":{"rendered":"<p><strong>Regione.<\/strong> &#8220;Uomo e animale d&#8217;affezione: indiscussa e inesauribile fonte di effetti positivi, soprattutto nelle cosiddette fasce deboli come gli anziani, per i quali un animale da compagnia ha la capacit\u00e0 di riaccendere l&#8217;interesse verso la vita e verso gli altri. Si crea un rapporto profondo, di affetto incondizionato: e allora, quando arriva il momento di fine vita, perch\u00e9 quell&#8217;amico a quattro o due zampe non pu\u00f2 essere sepolto nella tomba di famiglia o, un domani, insieme al proprio padrone?&#8221;.<\/p>\n<p>Cos\u00ec, il consigliere regionale Fabio Tosi, primo firmatario della proposta di legge che ha proposto di consentire, su richiesta o per volont\u00e0 del defunto o dei suoi eredi, l&#8217;inumazione, previa cremazione e in urna separata, delle ceneri degli animali d&#8217;affezione nella tomba del padrone, con cui hanno condiviso la propria esistenza. &#8220;Proposta di legge passata in II Commissione&#8221;, fa sapere il consigliere.<\/p>\n<p>&#8220;La necessit\u00e0 di dotare la Regione di questo strumento \u00e8 emersa studiando la precedente legge (l.r. 25\/2015) che aveva istituito i cimiteri per gli animali, disciplinando dunque su scala ligure la creazione di apposite aree cimiteriali dedicate alla loro sepoltura &#8211; spiega -: ma, la realizzazione e gestione di queste strutture \u00e8 rimasta purtroppo lettera morta, avendo i Comuni altre priorit\u00e0. La soluzione dunque \u00e8 questa: permettere, a chi lo desidera, di tumulare le ceneri del proprio &#8216;amico&#8217; nel loculo di famiglia, sia esso esistente o di futuro acquisto&#8221;.<\/p>\n<p>&#8220;Oggi, abbiamo dato prova di buona politica: approvare questa proposta di legge \u00e8 stato un gesto di grande civilt\u00e0 e di sensibilit\u00e0. Ora non resta che il passaggio in Consiglio regionale: confido che sar\u00e0 positivo&#8221;, conclude Tosi.<\/p>\n","protected":false},"excerpt":{"rendered":"<p>Il consigliere regionale pentastellato \u00e8 il primo firmatario della proposta di legge <\/p>\n","protected":false},"author":17962,"featured_media":0,"comment_status":"open","ping_status":"closed","sticky":false,"template":"","format":"standard","meta":{"footnotes":""},"categories":[45296,56,31],"tags":[1625],"class_list":["post-491126","post","type-post","status-publish","format-standard","hentry","category-copertina","category-altre","category-politica","tag-legge-regionale","post_tag_personaggi-fabio-tosi"],"amp_validity":null,"amp_enabled":true,"_links":{"self":[{"href":"https:\/\/staging.ivg.it\/ediapi\/wp\/v2\/posts\/491126","targetHints":{"allow":["GET"]}}],"collection":[{"href":"https:\/\/staging.ivg.it\/ediapi\/wp\/v2\/posts"}],"about":[{"href":"https:\/\/staging.ivg.it\/ediapi\/wp\/v2\/types\/post"}],"author":[{"embeddable":true,"href":"https:\/\/staging.ivg.it\/ediapi\/wp\/v2\/users\/17962"}],"replies":[{"embeddable":true,"href":"https:\/\/staging.ivg.it\/ediapi\/wp\/v2\/comments?post=491126"}],"version-history":[{"count":0,"href":"https:\/\/staging.ivg.it\/ediapi\/wp\/v2\/posts\/491126\/revisions"}],"wp:attachment":[{"href":"https:\/\/staging.ivg.it\/ediapi\/wp\/v2\/media?parent=491126"}],"wp:term":[{"taxonomy":"category","embeddable":true,"href":"https:\/\/staging.ivg.it\/ediapi\/wp\/v2\/categories?post=491126"},{"taxonomy":"post_tag","embeddable":true,"href":"https:\/\/staging.ivg.it\/ediapi\/wp\/v2\/tags?post=491126"}],"curies":[{"name":"wp","href":"https:\/\/api.w.org\/{rel}","templated":true}]}}