{"id":490862,"date":"2020-02-25T08:25:56","date_gmt":"2020-02-25T07:25:56","guid":{"rendered":"http:\/\/www.ivg.it\/?p=490862"},"modified":"2020-02-25T08:25:56","modified_gmt":"2020-02-25T07:25:56","slug":"pietra-raccolta-firma-di-fdi-per-sostenere-le-4-proposte-di-legge-di-iniziativa-popolare","status":"publish","type":"post","link":"https:\/\/staging.ivg.it\/2020\/02\/pietra-raccolta-firma-di-fdi-per-sostenere-le-4-proposte-di-legge-di-iniziativa-popolare\/","title":{"rendered":"Pietra, raccolta firma di Fdi per sostenere le 4 proposte di legge di iniziativa popolare"},"content":{"rendered":"<p><strong>Pietra Ligure.<\/strong> Fratelli d&#8217;Italia scende in piazza anche a Pietra Ligure per lanciare la raccolta firme per sostenere le 4 proposte di legge di iniziativa popolare lanciate da Giorgia Meloni.<\/p>\n<p>Eccole: Elezione diretta del Presidente della Repubblica, abolizione dei senatori a vita, tetto massimo alla pressione fiscale nella Costituzione e supremazia dell&#8217;ordinamento italiano su quello europeo.<\/p>\n<p>L&#8217;appuntamento a Pietra Ligure per la raccolta firme \u00e8 previsto per sabato 29 febbraio 2020 dalle 8.30 alle 13 in Piazza San Nicol\u00f2.<\/p>\n<p>Per chi fosse interessato a firmare la petizione di Fratelli d&#8217;Italia, sar\u00e0 possibile anche farlo presso l&#8217;ufficio anagrafe del Comune di Pietra Ligure negli orari di apertura al pubblico (da luned\u00ec a venerd\u00ec 9.30-12.30, marted\u00ec e gioved\u00ec 15.00-16.00).<\/p>\n<p>Per firmare \u00e8 necessario portare un documento di identit\u00e0.<\/p>\n<p>\u201cGrande soddisfazione, &#8211; \u00e8 stata espressa dal vice commissario vicario per la provincia di Savona di Fratelli d&#8217;Italia, Claudio Cavallo. &#8211; Dopo Ceriale, Celle, Varazze, Albenga e Stellanello la data gi\u00e0 fissata per Pietra Ligure e le imminenti date che verranno comunicate per Alassio, Savona, Andora, Borghetto e Val Bormida sono la dimostrazione che Fratelli d&#8217;Italia c&#8217;\u00e8, a testa alta, a portare avanti le battaglie che la leder Giorgia Meloni lancia a livello nazionale, con l&#8217;impegno a non tradire mai la fiducia che gli elettori, attraverso i sondaggi delle indicazioni di voto, ci attribuiscono in grande misura\u201d.<\/p>\n","protected":false},"excerpt":{"rendered":"<p>&#8220;Elezione diretta Presidente Repubblica; abolizione senatori a vita; tetto pressione fiscale; supremazia ordinamento italiano su quello europeo&#8221;<\/p>\n","protected":false},"author":18599,"featured_media":0,"comment_status":"open","ping_status":"closed","sticky":false,"template":"","format":"standard","meta":{"footnotes":""},"categories":[56],"tags":[43870,6523],"class_list":["post-490862","post","type-post","status-publish","format-standard","hentry","category-altre","tag-fratelli-ditalia","tag-raccolta-firme","post_cat_citta-pietra-ligure","post_tag_personaggi-claudio-cavallo"],"amp_validity":null,"amp_enabled":true,"_links":{"self":[{"href":"https:\/\/staging.ivg.it\/ediapi\/wp\/v2\/posts\/490862","targetHints":{"allow":["GET"]}}],"collection":[{"href":"https:\/\/staging.ivg.it\/ediapi\/wp\/v2\/posts"}],"about":[{"href":"https:\/\/staging.ivg.it\/ediapi\/wp\/v2\/types\/post"}],"author":[{"embeddable":true,"href":"https:\/\/staging.ivg.it\/ediapi\/wp\/v2\/users\/18599"}],"replies":[{"embeddable":true,"href":"https:\/\/staging.ivg.it\/ediapi\/wp\/v2\/comments?post=490862"}],"version-history":[{"count":0,"href":"https:\/\/staging.ivg.it\/ediapi\/wp\/v2\/posts\/490862\/revisions"}],"wp:attachment":[{"href":"https:\/\/staging.ivg.it\/ediapi\/wp\/v2\/media?parent=490862"}],"wp:term":[{"taxonomy":"category","embeddable":true,"href":"https:\/\/staging.ivg.it\/ediapi\/wp\/v2\/categories?post=490862"},{"taxonomy":"post_tag","embeddable":true,"href":"https:\/\/staging.ivg.it\/ediapi\/wp\/v2\/tags?post=490862"}],"curies":[{"name":"wp","href":"https:\/\/api.w.org\/{rel}","templated":true}]}}