{"id":490760,"date":"2020-02-23T19:25:05","date_gmt":"2020-02-23T18:25:05","guid":{"rendered":"http:\/\/www.ivg.it\/?p=490760"},"modified":"2020-02-23T20:11:36","modified_gmt":"2020-02-23T19:11:36","slug":"coronavirus-ecco-lordinanza-chiuse-tutte-le-scuole-della-liguria","status":"publish","type":"post","link":"https:\/\/staging.ivg.it\/2020\/02\/coronavirus-ecco-lordinanza-chiuse-tutte-le-scuole-della-liguria\/","title":{"rendered":"Coronavirus, ecco l&#8217;ordinanza: CHIUSE tutte le scuole della Liguria"},"content":{"rendered":"<p><strong>Regione. <\/strong>\u00c8 ufficiale: <strong>a partire dalla mezzanotte luned\u00ec 24 febbraio e fino alla mezzanotte del primo marzo, scatter\u00e0 lo stop didattico per tutte le scuole della Liguria<\/strong> per cercare di evitare la possibilit\u00e0 di trasmissione del <strong>Coronavirus<\/strong>.<\/p>\n<p><iframe loading=\"lazy\" style=\"border: none; overflow: hidden;\" src=\"https:\/\/www.facebook.com\/plugins\/video.php?href=https%3A%2F%2Fwww.facebook.com%2FGenova24%2Fvideos%2F506095886979368%2F&amp;show_text=1&amp;width=560\" width=\"560\" height=\"407\" frameborder=\"0\" scrolling=\"no\" allowfullscreen=\"allowfullscreen\"><\/iframe><\/p>\n<p>Nella nostra Regione non ci sono ancora casi di contagio certificati, ma dopo i provvedimenti adottati dal Governo e dalle Regioni Lombardia, Piemonte, Veneto e Emilia Romagna, <strong>anche la Liguria\u00a0ha optato per lo stop alle lezioni<\/strong>. Ma non solo (qui di seguito, <a href=\"https:\/\/www.ivg.it\/2020\/02\/coronavirus-non-solo-scuole-liguria-blindata-sospesi-eventi-e-manifestazioni\/\">l&#8217;ordinanza completa<\/a> con tutte le disposizioni di Regione)<\/p>\n<p>\u00c8 stato comunicato appena una manciata di minuti fa da Regione Liguria che, a breve, terr\u00e0 una\u00a0<strong>conferenza stampa<\/strong>\u00a0per fare un nuovo punto sulla situazione. Presenti: il presidente Giovanni Toti, il vicepresidente regionale e assessore alla Sanit\u00e0 Sonia Viale, l\u2019assessore alla Protezione civile Giacomo Giampedrone, l\u2019assessore alla Scuola Ilaria Cavo, il sindaco di Genova Marco Bucci, Walter Locatelli e la task force messa in campo da Alisa e i vertici regionale della Protezione civile.<\/p>\n<div class=\"single-img-content-container fullwidth-single shortcode standard\">\n    <div class=\"image_container\" style=\"text-align: center;\">\n        <picture class=\" lazyload\"><img loading=\"lazy\" class=\"lazy\" data-srcset=\"https:\/\/www.ivg.it\/photogallery_new\/images\/2020\/02\/incontro-regione-coronavirus-619299.jpg 1024w, https:\/\/www.ivg.it\/photogallery_new\/images\/2020\/02\/incontro-regione-coronavirus-619299.jpg 970w, https:\/\/www.ivg.it\/photogallery_new\/images\/2020\/02\/incontro-regione-coronavirus-619299.jpg 660w, https:\/\/www.ivg.it\/photogallery_new\/images\/2020\/02\/incontro-regione-coronavirus-619299.jpg 316w, https:\/\/www.ivg.it\/photogallery_new\/images\/2020\/02\/incontro-regione-coronavirus-619299.jpg 150w\"  data-src=\"https:\/\/www.ivg.it\/photogallery_new\/images\/2020\/02\/incontro-regione-coronavirus-619299.jpg\" alt=\"Incontro Regione Coronavirus\" \/><\/picture>\r\n\n    <\/div>\n    <\/div>\n\n<p>Nel frattempo, come segnalato e documentato dalle foto di diversi lettori, <strong>nel savonese e non solo, s<a href=\"https:\/\/www.ivg.it\/2020\/02\/e-il-coronavirus-ma-sembra-la-fine-del-mondo-supermercati-e-farmacie-presi-dassalto\/\">upermercati e farmacie sono stati presi letteralmente d&#8217;assalto<\/a>,<\/strong> con scaffali vuoti e prodotti letteralmente esaurito.<\/p>\n<p>Al momento, bench\u00e9 non vi sia\u00a0<strong>nessun caso conclamato di Coronavirus in Liguria, <a href=\"https:\/\/www.ivg.it\/2020\/02\/coronavirus-oltre-40-persone-in-isolamento-in-liguria-stiamo-valutando-la-chiusura-delle-scuole\/\">oltre 40 persone sono in isolamento volontario<\/a><\/strong> dopo aver avuto contatti con le zone colpite dal contagio (<a href=\"https:\/\/www.ivg.it\/2020\/02\/coronavirus-donna-in-quarantena-con-la-famiglia-ad-albenga-tomatis-stanno-bene-e-sono-monitorati\/\">un caso ad Albenga<\/a>, una donna con famiglia; <a href=\"https:\/\/www.ivg.it\/2020\/02\/coronavirus-regione-due-cittadini-lombardi-sotto-osservazione-nel-savonese\/\">due turisti lombardi a Savona<\/a>). Mentre, <strong>a livello nazionale, sono almeno 132 i casi di contagio<\/strong>, soprattutto al Nord Italia.<\/p>\n","protected":false},"excerpt":{"rendered":"<p>A partire dalla mezzanotte di luned\u00ec 24 febbraio e fino al primo marzo<\/p>\n","protected":false},"author":18599,"featured_media":0,"comment_status":"open","ping_status":"closed","sticky":false,"template":"","format":"standard","meta":{"footnotes":""},"categories":[45296,34],"tags":[111891,51350,111892],"class_list":["post-490760","post","type-post","status-publish","format-standard","hentry","category-copertina","category-cronaca","tag-coronavirus","tag-scuole-chiuse","tag-virus-cina","post_tag_personaggi-giovanni-toti"],"amp_validity":null,"amp_enabled":true,"_links":{"self":[{"href":"https:\/\/staging.ivg.it\/ediapi\/wp\/v2\/posts\/490760","targetHints":{"allow":["GET"]}}],"collection":[{"href":"https:\/\/staging.ivg.it\/ediapi\/wp\/v2\/posts"}],"about":[{"href":"https:\/\/staging.ivg.it\/ediapi\/wp\/v2\/types\/post"}],"author":[{"embeddable":true,"href":"https:\/\/staging.ivg.it\/ediapi\/wp\/v2\/users\/18599"}],"replies":[{"embeddable":true,"href":"https:\/\/staging.ivg.it\/ediapi\/wp\/v2\/comments?post=490760"}],"version-history":[{"count":0,"href":"https:\/\/staging.ivg.it\/ediapi\/wp\/v2\/posts\/490760\/revisions"}],"wp:attachment":[{"href":"https:\/\/staging.ivg.it\/ediapi\/wp\/v2\/media?parent=490760"}],"wp:term":[{"taxonomy":"category","embeddable":true,"href":"https:\/\/staging.ivg.it\/ediapi\/wp\/v2\/categories?post=490760"},{"taxonomy":"post_tag","embeddable":true,"href":"https:\/\/staging.ivg.it\/ediapi\/wp\/v2\/tags?post=490760"}],"curies":[{"name":"wp","href":"https:\/\/api.w.org\/{rel}","templated":true}]}}