{"id":49063,"date":"2009-02-04T13:31:12","date_gmt":"2009-02-04T12:31:12","guid":{"rendered":"http:\/\/www.ivg.it\/2009\/02\/04\/rally-sprint-di-andora-pizzorno-e-pozzi-primi-nella-classe-fa6\/"},"modified":"2009-02-04T13:31:12","modified_gmt":"2009-02-04T12:31:12","slug":"rally-sprint-di-andora-pizzorno-e-pozzi-primi-nella-classe-fa6","status":"publish","type":"post","link":"https:\/\/staging.ivg.it\/2009\/02\/rally-sprint-di-andora-pizzorno-e-pozzi-primi-nella-classe-fa6\/","title":{"rendered":"Rally Sprint di Andora: Pizzorno e Pozzi primi nella classe FA6"},"content":{"rendered":"<p><strong>[thumb:10475:l]Andora<\/strong>. Fra gli equipaggi che hanno preso parte al Rally Sprint di Andora c&#8217;era anche il team savonese composto da Roberto Pizzorno e Marco Pozzi, portacolori della scuderia DagdaSport. Per loro \u00e8 stata una gara tutta in salita, ma nonostante ci\u00f2 hanno portato a casa la coppa del primo di classe FA6, correndo con Peugeot 205.<\/p>\n<p>Pizzorno e Pozzi hanno riscontrato per tutto lo svolgimento della gara notevoli problemi di assetto della loro vettura. Due dritti e due &#8220;toccate&#8221; comunque non li hanno fatti arrendere e sono riusciti a concludere la gara svoltasi sulle impegnative strade dell&#8217;entroterra andorese.<\/p>\n<p>&#8220;Un grazie a Roberto, ha fatto di tutto e di pi\u00f9 per tenere in strada la macchina&#8221; \u00e8 il commento di Marco Pozzi, &#8220;anche nei momenti difficili delle toccate dire che \u00e8 stato superlativo e freddo \u00e8 una attribuzione che non gli fa merito&#8221;. L&#8217;equipaggio savonese, soprannominato &#8220;Pizz &#8211; Pozz&#8221;, sar\u00e0 presente al prossimo Rally Riviera Ligure in programma sabato 28 febbraio e domenica 1 marzo.<\/p>\n<p>[image:10475:c]<\/p>\n","protected":false},"excerpt":{"rendered":"<p>[thumb:10475:l]Andora. Fra gli equipaggi che hanno preso parte al Rally Sprint di Andora c&#8217;era anche il team savonese composto da Roberto Pizzorno e Marco Pozzi, portacolori della scuderia DagdaSport. Per loro \u00e8 stata una gara tutta in salita, ma nonostante ci\u00f2 hanno portato a casa la coppa del primo di classe FA6, correndo con Peugeot [&hellip;]<\/p>\n","protected":false},"author":18,"featured_media":0,"comment_status":"open","ping_status":"closed","sticky":false,"template":"","format":"standard","meta":{"footnotes":""},"categories":[32],"tags":[5475,522],"class_list":["post-49063","post","type-post","status-publish","format-standard","hentry","category-sport","tag-rally-sprint-di-andora","tag-roberto-pizzorno","post_cat_citta-carcare","post_cat_citta-savona"],"amp_validity":null,"amp_enabled":true,"_links":{"self":[{"href":"https:\/\/staging.ivg.it\/ediapi\/wp\/v2\/posts\/49063","targetHints":{"allow":["GET"]}}],"collection":[{"href":"https:\/\/staging.ivg.it\/ediapi\/wp\/v2\/posts"}],"about":[{"href":"https:\/\/staging.ivg.it\/ediapi\/wp\/v2\/types\/post"}],"author":[{"embeddable":true,"href":"https:\/\/staging.ivg.it\/ediapi\/wp\/v2\/users\/18"}],"replies":[{"embeddable":true,"href":"https:\/\/staging.ivg.it\/ediapi\/wp\/v2\/comments?post=49063"}],"version-history":[{"count":0,"href":"https:\/\/staging.ivg.it\/ediapi\/wp\/v2\/posts\/49063\/revisions"}],"wp:attachment":[{"href":"https:\/\/staging.ivg.it\/ediapi\/wp\/v2\/media?parent=49063"}],"wp:term":[{"taxonomy":"category","embeddable":true,"href":"https:\/\/staging.ivg.it\/ediapi\/wp\/v2\/categories?post=49063"},{"taxonomy":"post_tag","embeddable":true,"href":"https:\/\/staging.ivg.it\/ediapi\/wp\/v2\/tags?post=49063"}],"curies":[{"name":"wp","href":"https:\/\/api.w.org\/{rel}","templated":true}]}}