{"id":490341,"date":"2020-02-18T16:59:39","date_gmt":"2020-02-18T15:59:39","guid":{"rendered":"http:\/\/www.ivg.it\/?p=490341"},"modified":"2020-02-18T16:59:39","modified_gmt":"2020-02-18T15:59:39","slug":"lassessore-cavo-ribatte-alle-polemiche-sui-disabili-ogni-anno-stanziati-7-mln-di-euro-per-la-formazione","status":"publish","type":"post","link":"https:\/\/staging.ivg.it\/2020\/02\/lassessore-cavo-ribatte-alle-polemiche-sui-disabili-ogni-anno-stanziati-7-mln-di-euro-per-la-formazione\/","title":{"rendered":"L&#8217;assessore Cavo ribatte alle polemiche sui disabili: &#8220;Ogni anno stanziati 7 mln di euro per la formazione&#8221;"},"content":{"rendered":"<p><strong>Liguria<\/strong>. &#8220;La giunta Toti stanzia ogni anno 7 milioni per i corsi di formazione professionale, percorsi triennali, o biennali in integrazione con i percorsi scolastici, per accompagnare i giovani disabili in percorsi di vita e avviamento al mercato del lavoro. Lo ha fatto regolarmente, con costanza, per tutto questo quinquiennio e anche per il corrente anno scolastico, che vede 860 alunni coinvolti: di questi, 532 sono gi\u00e0 in aula mentre 324, iscritti al primo anno, andranno in aula entro il mese di marzo a seguito del completamento della valutazione dei progetti personalizzati che la commissione di valutazione (che si \u00e8 riunita pi\u00f9 volte, dopo la chiusura del bando l&#8217;11 dicembre, a differenza di quanto sostiene strumentalmente Pastorino) terminer\u00e0 la prossima settimana&#8221;.<\/p>\n<p>Cos\u00ec risponde l&#8217;assessore alla formazione Ilaria Cavo ai rilievi del consigliere regionale Gianni Pastorino sui presunti ritardi nell&#8217;avviamento dei corsi per i disabili. <\/p>\n<p>&#8220;A questo &#8211; continua Ilaria Cavo &#8211; si aggiungono i 27 milioni di euro dei due bandi Fse &#8216;Abilit\u00e0 al plurale&#8217; destinati a progetti di vita per le fasce deboli, inclusi i disabili giovani e adulti. In particolare, la sezione dedicata ai progetti sportivi (oltre 2 milioni di euro) \u00e8 rivolta a questo target. Anche i voucher badanti (5 milioni di euro) sono un ulteriore strumento di sostegno alle famiglie che devono accudire persone anche disabili&#8221;.<\/p>\n<p>&#8220;Oltre a queste risorse, sono disponibili circa 1,2 milioni per favorire l&#8217;integrazione degli studenti disabili nei percorsi scolastici e di istruzione e formazione professionale. Per non parlare della corsia preferenziale data all&#8217;abbattimento della barriere architettoniche nei finaziamenti all&#8217;impiantistica sportiva e del segnale dato con l&#8217;organizzazione dei grandi eventi sportivi paralimpici&#8221;.<\/p>\n<p>&#8220;L&#8217;attacco strumentale del consigliere Pastorino \u00e8 anche tempestivo &#8211; conclude Cavo &#8211; perch\u00e9 arriva proprio nel giorno in cui l&#8217;Unione italiana ciechi e ipovedenti \u00e8 venuta in Consiglio regionale, offrendo un bel momento di condivisione con un &#8216;aperitivo al buio&#8217; per tutti: Arturo ivaldi, il presidente, ha ringraziato pubblicamente proprio l&#8217;assessorato alla formazione per i 150 mila euro di bilancio regionale destinati quest&#8217;anno al corso di formazione per centralinisti, finanziato e attivato da qualche settimana. Era un corso atteso da anni, che questa giunta ha deciso di riattivare. Ecco, Pastorino, cosa vuol dire agire e reagire anche nel campo della disabilit\u00e0&#8221;.<\/p>\n","protected":false},"excerpt":{"rendered":"<p>La risposta dopo l&#8217;affondo del consigliere di minoranza Pastorino in Consiglio regionale<\/p>\n","protected":false},"author":4,"featured_media":0,"comment_status":"open","ping_status":"closed","sticky":false,"template":"","format":"standard","meta":{"footnotes":""},"categories":[56],"tags":[732,295],"class_list":["post-490341","post","type-post","status-publish","format-standard","hentry","category-altre","tag-disabili","tag-regione","post_tag_personaggi-ilaria-cavo"],"amp_validity":null,"amp_enabled":true,"_links":{"self":[{"href":"https:\/\/staging.ivg.it\/ediapi\/wp\/v2\/posts\/490341","targetHints":{"allow":["GET"]}}],"collection":[{"href":"https:\/\/staging.ivg.it\/ediapi\/wp\/v2\/posts"}],"about":[{"href":"https:\/\/staging.ivg.it\/ediapi\/wp\/v2\/types\/post"}],"author":[{"embeddable":true,"href":"https:\/\/staging.ivg.it\/ediapi\/wp\/v2\/users\/4"}],"replies":[{"embeddable":true,"href":"https:\/\/staging.ivg.it\/ediapi\/wp\/v2\/comments?post=490341"}],"version-history":[{"count":0,"href":"https:\/\/staging.ivg.it\/ediapi\/wp\/v2\/posts\/490341\/revisions"}],"wp:attachment":[{"href":"https:\/\/staging.ivg.it\/ediapi\/wp\/v2\/media?parent=490341"}],"wp:term":[{"taxonomy":"category","embeddable":true,"href":"https:\/\/staging.ivg.it\/ediapi\/wp\/v2\/categories?post=490341"},{"taxonomy":"post_tag","embeddable":true,"href":"https:\/\/staging.ivg.it\/ediapi\/wp\/v2\/tags?post=490341"}],"curies":[{"name":"wp","href":"https:\/\/api.w.org\/{rel}","templated":true}]}}