{"id":490028,"date":"2020-02-14T20:02:25","date_gmt":"2020-02-14T19:02:25","guid":{"rendered":"http:\/\/www.ivg.it\/?p=490028"},"modified":"2020-02-14T20:04:38","modified_gmt":"2020-02-14T19:04:38","slug":"lolimpia-carcarese-e-il-sociale-al-corrent-porte-aperte-ai-ragazzi-piu-bisognosi-e-alle-scuole","status":"publish","type":"post","link":"https:\/\/staging.ivg.it\/2020\/02\/lolimpia-carcarese-e-il-sociale-al-corrent-porte-aperte-ai-ragazzi-piu-bisognosi-e-alle-scuole\/","title":{"rendered":"L&#8217;Olimpia Carcarese e il sociale: al Corrent porte aperte ai ragazzi pi\u00f9 bisognosi e alle scuole"},"content":{"rendered":"<p><strong>Carcare.<\/strong>\u00a0Dai prossimi giorni prender\u00e0 il via\u00a0<strong>Sport per tutti<\/strong>, il progetto del Coni volto a<strong> consentire anche ai ragazzi pi\u00f9 bisognosi di praticare la disciplina sportiva che pi\u00f9 preferiscono<\/strong>.<\/p>\n<p>Diciotto sono le societ\u00e0 della Provincia di Savona che hanno aderito all&#8217;iniziativa, tra queste l&#8217;Olimpia Carcarese che con grande entusiasmo \u00e8 lieta di prendere parte ad un progetto cos\u00ec importante per la comunit\u00e0 e per i giovani.\u00a0<strong>La societ\u00e0 biancorossa si \u00e8 distinta su tutte, essendo l&#8217;associazione sportiva che a livello provinciale vanta il maggior numero di adesioni:<\/strong>\u00a0ben 33 saranno i ragazzi della Val Bormida dai 5 ai 18 anni che il Corrent ospiter\u00e0 due ore a settimana.<\/p>\n<p>&#8220;Siamo convinti che lo sport sia un diritto che debba essere garantito a tutti, soprattutto nella giovane et\u00e0 &#8211; commenta\u00a0<strong>il presidente Dino Vercelli<\/strong>\u00a0-. Tutti sappiamo quanto sia rilevante da un punto di vista salutare e fisico, ma non dobbiamo dimenticare anche i vantaggi psicologici, educativi e formativi. Siamo onorati di poter offrire la competenza dei nostri tecnici per permettere anche a coloro che hanno difficolt\u00e0 economiche di imparare e divertirsi nelle nostre strutture&#8221;. Gli fa eco\u00a0<strong>mister Loris Chiarlone<\/strong>, laureato in Scienze Motorie ed allenatore Uefa B, che insieme al collega\u00a0<strong>Davide Manfredi<\/strong>\u00a0si occuper\u00e0 degli allenamenti: &#8220;Sono orgoglioso di far parte di questo bellissimo progetto e di poter aiutare tutti i bambini a prendere confidenza con lo sport e le scienze motorie. Per me \u00e8 un onore poter trasmettere in prima persona l&#8217;educazione sportiva e i valori dello sport attraverso il calcio. Qualsiasi sport, oltre che essere fondamentale per la salute, \u00e8 maestro di vita e tutti devono avere la possibilit\u00e0 di percepirne gli insegnamenti&#8221;.<\/p>\n<div class=\"single-img-content-container fullwidth-single shortcode standard\">\n    <div class=\"image_container\" style=\"text-align: center;\">\n        <picture class=\" lazyload\"><img loading=\"lazy\" class=\"lazy\" data-srcset=\"https:\/\/www.ivg.it\/photogallery_new\/images\/2020\/02\/olimpia-carcarese-e-il-sociale-616439.jpg 1024w, https:\/\/www.ivg.it\/photogallery_new\/images\/2020\/02\/olimpia-carcarese-e-il-sociale-616439.jpg 970w, https:\/\/www.ivg.it\/photogallery_new\/images\/2020\/02\/olimpia-carcarese-e-il-sociale-616439.jpg 660w, https:\/\/www.ivg.it\/photogallery_new\/images\/2020\/02\/olimpia-carcarese-e-il-sociale-616439.jpg 316w, https:\/\/www.ivg.it\/photogallery_new\/images\/2020\/02\/olimpia-carcarese-e-il-sociale-616439.jpg 150w\"  data-src=\"https:\/\/www.ivg.it\/photogallery_new\/images\/2020\/02\/olimpia-carcarese-e-il-sociale-616439.jpg\" alt=\"OLIMPIA CARCARESE E IL SOCIALE\" \/><\/picture>\r\n\n    <\/div>\n    <\/div>\n\n<p>Ma non finisce qui. Sempre a febbraio<strong> prender\u00e0 vita un altro importante progetto in collaborazione con l&#8217;Istituto Comprensivo di Carcare<\/strong> intitolato <strong>Ragazzi in gioco.<\/strong>\u00a0Fino al termine dell&#8217;anno scolastico, infatti,\u00a0<strong>i ragazzi delle classi Seconda e Terza Media trascorreranno le ore di educazione fisica sul campo dello stadio Candido Corrent<\/strong>, dove i docenti saranno affiancati dai nostri tecnici qualificati.<\/p>\n<p>Un pomeriggio a settimana, inoltre,<strong>\u00a0la struttura e gli allenatori biancorossi saranno a disposizione di un gruppo sportivo della scuola. Verranno selezionati i ragazzi pi\u00f9 meritevoli, che<\/strong>\u00a0<strong>si alleneranno sotto la supervisione dei tecnici della Carcarese ed<\/strong>\u00a0<strong>avranno la possibilit\u00e0 di partecipare ai Campionati Studenteschi, programmati per il prossimo marzo<\/strong>.<\/p>\n<p>&#8220;L&#8217;abbiamo detto dall&#8217;inizio mandato<strong>,\u00a0 la nostra speranza \u00e8 che lo stadio Candido Corrent diventi &#8216;la casa&#8217; di tutti i carcaresi e non,<\/strong> punto di aggregazione di ragazzi, bambini, famiglie e di tutti gli sportivi, non solo la domenica o in occasione dei tornei, ma tutti i giorni &#8211; spiega <strong>Dino Vercelli<\/strong> -. Ringraziamo i docenti e il direttore scolastico, la professoressa Raffaella Battiloro, per la collaborazione che<strong> speriamo di ampliare ad altre iniziative che coinvolgeranno anche gli altri istituti di Carcare<\/strong>&#8220;.<\/p>\n<p>Conclude il presidente: &#8220;L&#8217;avevamo promesso,<strong> la nuova Olimpia Carcarese si sarebbe distinta anche per il suo ruolo dal punto di vista sociale;<\/strong> da inizio stagione abbiamo lavorato con fervore per la realizzazione di alcuni progetti ed ora possiamo dire: &#8216;<strong>ce l&#8217;abbiamo fatta!<\/strong>&#8216;.\u00a0Promessa mantenuta, ma sicuramente non ci fermeremo qua! <strong>In serbo abbiamo ancora tanti progetti che presto diventeranno realt\u00e0<\/strong>&#8220;.<\/p>\n","protected":false},"excerpt":{"rendered":"<p>Sport per tutti: in provincia la societ\u00e0 biancorossa \u00e8 quella che ha raccolto il maggior numero di adesioni<\/p>\n","protected":false},"author":18,"featured_media":0,"comment_status":"open","ping_status":"closed","sticky":false,"template":"","format":"standard","meta":{"footnotes":""},"categories":[45296,182,32],"tags":[85989,57478,88061],"class_list":["post-490028","post","type-post","status-publish","format-standard","hentry","category-copertina","category-calcio","category-sport","tag-calcio","tag-olimpia-carcarese","tag-sport-per-tutti","post_cat_citta-carcare","post_tag_personaggi-dino-vercelli"],"amp_validity":null,"amp_enabled":true,"_links":{"self":[{"href":"https:\/\/staging.ivg.it\/ediapi\/wp\/v2\/posts\/490028","targetHints":{"allow":["GET"]}}],"collection":[{"href":"https:\/\/staging.ivg.it\/ediapi\/wp\/v2\/posts"}],"about":[{"href":"https:\/\/staging.ivg.it\/ediapi\/wp\/v2\/types\/post"}],"author":[{"embeddable":true,"href":"https:\/\/staging.ivg.it\/ediapi\/wp\/v2\/users\/18"}],"replies":[{"embeddable":true,"href":"https:\/\/staging.ivg.it\/ediapi\/wp\/v2\/comments?post=490028"}],"version-history":[{"count":0,"href":"https:\/\/staging.ivg.it\/ediapi\/wp\/v2\/posts\/490028\/revisions"}],"wp:attachment":[{"href":"https:\/\/staging.ivg.it\/ediapi\/wp\/v2\/media?parent=490028"}],"wp:term":[{"taxonomy":"category","embeddable":true,"href":"https:\/\/staging.ivg.it\/ediapi\/wp\/v2\/categories?post=490028"},{"taxonomy":"post_tag","embeddable":true,"href":"https:\/\/staging.ivg.it\/ediapi\/wp\/v2\/tags?post=490028"}],"curies":[{"name":"wp","href":"https:\/\/api.w.org\/{rel}","templated":true}]}}