{"id":490009,"date":"2020-02-14T17:27:56","date_gmt":"2020-02-14T16:27:56","guid":{"rendered":"http:\/\/www.ivg.it\/?p=490009"},"modified":"2020-02-14T19:29:41","modified_gmt":"2020-02-14T18:29:41","slug":"dietrofront-della-regione-sui-trasporti-sanitari-ritirato-il-bando-di-gara-pd-vittoria-delle-pubbliche-assistenze","status":"publish","type":"post","link":"https:\/\/staging.ivg.it\/2020\/02\/dietrofront-della-regione-sui-trasporti-sanitari-ritirato-il-bando-di-gara-pd-vittoria-delle-pubbliche-assistenze\/","title":{"rendered":"Dietrofront della Regione sui trasporti sanitari, ritirato il bando di gara. Pd: &#8220;Vittoria delle pubbliche assistenze&#8221;"},"content":{"rendered":"<p><strong>Regione.<\/strong> &#8220;La sospensione del bando di gara per i trasporti sanitari interni annunciata da Alisa \u00e8 una vittoria di ANPAS, Croce Rossa, CIPAS e delle opposizioni&#8221;. Cos\u00ec il gruppo Pd in Regione commenta la novit\u00e0 odierna sulla sanit\u00e0 ligure, dopo giorni e settimane di polemiche.<\/p>\n<p>&#8220;L&#8217;assessore Viale ha cambiato idea. Per settimane la Giunta Toti ha provato a dire che la gara e la legge andavano in parallelo e che avevano due oggetti diversi, tanto che la norma retroattiva prevista nella legge, secondo Viale, non era applicabile al bando di gara. Finalmente ora l&#8217;assessore ha capito che la gara andava sospesa, visto che era in aperta contraddizione con la legge&#8221;. <\/p>\n<p>&#8220;Il Pd aveva presentato un ordine del giorno per chiedere la revoca o quantomeno la sospensione del bando e molti Comuni liguri avevano fatto la stessa cosa. Oggi l&#8217;ha capito anche la maggioranza di centrodestra. Ora la Regione faccia il regolamento attuativo della legge, definisca quali siano i servizi qualificati e butti nel cestino della spazzatura il bando di gara&#8221;.<\/p>\n<p>E il consigliere regionale Mauro Righello rincara la dose: &#8220;Dopo il ricorso sulla privatizzazione degli ospedali questa decisione dimostra la totale confusione della giunta regionale e la situazione di caos nel settore della sanit\u00e0. Quello dei trasporti sanitari \u00e8 un tema importante e delicato che andava affrontato e risolto pensando al patrimonio delle pubbliche assistenze sul nostro territorio&#8221;.<\/p>\n<p>&#8220;Il bando di gara per i trasporti sanitari interni \u00e8 finalmente sospeso &#8211; esulta il\u00a0Partito Democratico provinciale di Savona &#8211;\u00a0Questa sospensione, annunciata da Alisa, \u00e8 una vittoria in primis dei cittadini liguri, a cui si evitano in questo modo i molti disagi annunciati, ma anche e soprattutto delle pubbliche assistenze.\u00a0Il Partito Democratico di Savona aveva denunciato da subito la contraddizione tra la legge regionale e il bando di gara, chiedendone la sospensione.\u00a0Un ringraziamento particolare va ai nostri amministratori che hanno incontrato, ascoltato e sostenuto le ragioni delle pubbliche assistenze e dei cittadini.\u00a0Molte amministrazioni comunali della provincia di Savona avevano preso formale posizione contro il bando di gara nei rispettivi consigli. Altre lo stavano facendo, cos\u00ec come il nostro gruppo provinciale.\u00a0Quando si tratta di essere vicino ai territori e ai cittadini noi ci siamo, come partito e con i nostri amministratori&#8221;.<\/p>\n<p>&#8220;Questa sospensione del bando di gara, oltre che essere una vittoria delle pubbliche assistenze e dei cittadini liguri, mette in luce il fallimento della gestione dell&#8217;intera vicenda da parte dell&#8217; assessore Viale e della Regione a guida Toti &#8211; aggiunge Roberto Arboscello, vicesegretario vicario &#8211; Questa clamorosa retromarcia dimostra che hanno avuto ragione tutti coloro che avevano denunciato la contraddizione tra la legge regionale e il bando di gara&#8221;.<\/p>\n<p>&#8220;La sospensione del bando di gara per i trasporti sanitari interni annunciata da Alisa \u00e8 una vittoria delle pubbliche assistenze e di tutti coloro che avevano denunciato la contraddizione tra la legge regionale e il bando di gara. Ma \u00e8 soprattutto una vittoria per i cittadini liguri &#8211; aggiunge il gruppo consiliare Pd Savona &#8211;\u00a0Crediamo sia stata importantissima anche la presa di posizione forte di tanti amministratori, di tanti territori, compreso il Comune di Savona, nei confronti di questo bando e delle modalit\u00e0 con cui era stata condotta questa vicenda. Nonostante fosse chiaro a tutti il fallimento e la cattiva gestione di tutta l&#8217;operazione da parte della Regione\/Viale, in modo miope e, come al solito, acritico e poco attento alle esigenze dei cittadini un pezzo di maggioranza non aveva votato a favore dell&#8217; ordine del giorno che chiedeva la sospensione della gara. Dopo quattro anni in Consiglio comunale sarebbe l&#8217;ora di cominciare a dare un contributo costruttivo alla discussione e non farsi dettare la linea da chi \u00e8 lontano anni luce dai territori e dai loro bisogni&#8221;.<\/p>\n","protected":false},"excerpt":{"rendered":"<p>&#8220;Finalmente la maggioranza ha capito il grave errore&#8221;<\/p>\n","protected":false},"author":4,"featured_media":0,"comment_status":"open","ping_status":"closed","sticky":false,"template":"","format":"standard","meta":{"footnotes":""},"categories":[45296,56,31],"tags":[89022,4306,112187],"class_list":["post-490009","post","type-post","status-publish","format-standard","hentry","category-copertina","category-altre","category-politica","tag-gruppo-pd-regione","tag-pubbliche-assistenze","tag-trasporti-sanitari","post_cat_citta-provincia","post_tag_personaggi-mauro-righello"],"amp_validity":null,"amp_enabled":true,"_links":{"self":[{"href":"https:\/\/staging.ivg.it\/ediapi\/wp\/v2\/posts\/490009","targetHints":{"allow":["GET"]}}],"collection":[{"href":"https:\/\/staging.ivg.it\/ediapi\/wp\/v2\/posts"}],"about":[{"href":"https:\/\/staging.ivg.it\/ediapi\/wp\/v2\/types\/post"}],"author":[{"embeddable":true,"href":"https:\/\/staging.ivg.it\/ediapi\/wp\/v2\/users\/4"}],"replies":[{"embeddable":true,"href":"https:\/\/staging.ivg.it\/ediapi\/wp\/v2\/comments?post=490009"}],"version-history":[{"count":0,"href":"https:\/\/staging.ivg.it\/ediapi\/wp\/v2\/posts\/490009\/revisions"}],"wp:attachment":[{"href":"https:\/\/staging.ivg.it\/ediapi\/wp\/v2\/media?parent=490009"}],"wp:term":[{"taxonomy":"category","embeddable":true,"href":"https:\/\/staging.ivg.it\/ediapi\/wp\/v2\/categories?post=490009"},{"taxonomy":"post_tag","embeddable":true,"href":"https:\/\/staging.ivg.it\/ediapi\/wp\/v2\/tags?post=490009"}],"curies":[{"name":"wp","href":"https:\/\/api.w.org\/{rel}","templated":true}]}}