{"id":489480,"date":"2020-02-08T17:00:09","date_gmt":"2020-02-08T16:00:09","guid":{"rendered":"http:\/\/www.ivg.it\/?p=489480"},"modified":"2020-02-08T17:00:09","modified_gmt":"2020-02-08T16:00:09","slug":"sanremo-il-bilancio-di-toti-grande-successo-della-liguria-valorizzate-le-nostre-eccellenze","status":"publish","type":"post","link":"https:\/\/staging.ivg.it\/2020\/02\/sanremo-il-bilancio-di-toti-grande-successo-della-liguria-valorizzate-le-nostre-eccellenze\/","title":{"rendered":"Sanremo, il bilancio di Toti: &#8220;Grande successo della Liguria, valorizzate le nostre eccellenze&#8221;"},"content":{"rendered":"<p><strong>Regione. <\/strong>&#8220;Grande successo della Liguria alla 70\u00b0 edizione del Festival di Sanremo: in primo piano le sue bellezze e le sue eccellenze, efficacemente raccontate dal video istituzionale che ha avuto come protagonista il Teatro Carlo Felice di Genova&#8221;. A comunicarlo, in una nota, \u00e8 il presidente della Regione Liguria Giovanni Toti.<\/p>\n<p>&#8220;Un palcoscenico d&#8217;eccezione che ha richiamato l&#8217;attenzione del Paese: in tutti \u00e8 grande l&#8217;interesse anche per il \u00a0processo di ricostruzione del Ponte. Sanremo 2020 \u00e8 stato infatti dedicato ai mille lavoratori che giorno e notte sono impegnati nel capoluogo ligure nella realizzazione\u00a0 del nuovo viadotto progettato dall&#8217;architetto Renzo Piano&#8221;:<\/p>\n<p>Cos\u00ec ha chiesto il presidente di Regione Liguria Giovanni Toti, insieme al sindaco di Genova Marco Bucci. L&#8217;appello \u00e8 stato accolto anche dall&#8217;organizzazione del Festival, da cui la Liguria \u00e8 uscita ancora pi\u00f9 forte e determinata: i lavori, ha detto il Presidente Toti, si completeranno \u00a0entro la primavera.<\/p>\n<p>Ci ha pensato anche il premio in filigrana di Campoligure raffigurante la Lanterna di Genova, consegnato da Toti sul palco dell&#8217;Ariston al vincitore delle nuove proposte Leo Gassman e alla bambina vincitrice dell&#8217;ultimo Zecchino D&#8217;Oro Rita Longordo, a ricordare a tutti la grande forza di Genova, capace di risollevarsi dopo i terribili eventi dovuti anche al maltempo.<\/p>\n<p>&#8220;Un riconoscimento meritato a due artisti di grande talento come ha sottolineato il presidente Toti- La lanterna di Genova, un simbolo, attraverso cui passa anche la promozione del nostro territorio&#8221;.<\/p>\n<p>Dall&#8217;Ariston al Palafiori: qui, a casa Liguria, il Governatore ha premiato Massimo Morini, Direttore d&#8217;Orchestra e Direttore Tecnico al Festival da 30 edizioni, oltre che leader dei Buio Pesto, con un riconoscimento alla carriera. Morini e i Buio Pesto hanno risposto con un apprezzato mini concerto.<\/p>\n<p>Il governatore ha anche premiato, con i Soundies Music Award, la migliore clip tra gli artisti in gara a Sanremo 2020 Marco Sentieri e Tecla che hanno reso omaggio alla citt\u00e0 di Sanremo e alla Liguria. Il video di Tecla \u00e8 stato girato nella citt\u00e0 dei fuori con una resa di altissimo livello; Marco Sentieri ha addirittura realizzato un reportage, girato con il proprio cellulare, dimostrando una straordinaria conoscenza del territorio e un particolarissimo affetto \u00a0per Sanremo e la Liguria.<\/p>\n<p>&#8220;Una terra bellissima che si racconta nel video realizzato dall&#8217;Agenzia di promozione turistica &#8216;In Liguria&#8217; e trasmesso per tutte le sere del Festival con protagonisti d&#8217;eccezione: l&#8217;Orchestra del Teatro di Genova Carlo Felice e le magnifiche localit\u00e0 che si susseguono da Portovenere a Cervo&#8221;.<\/p>\n<p>&#8220;Ha fatto bene il presidente di Regione Liguria Giovanni Toti a dedicare il 70\u00b0 Festival di Sanremo ai lavoratori impegnati giorno a notte nella ricostruzione del ponte di Genova. E&#8217; servito a dare loro visibilit\u00e0 e a ringraziarli per l&#8217;importante lavoro che stanno svolgendo, richiamando l&#8217;attenzione del Paese sul grande processo di ricostruzione in corso a Genova. Non si tratta affatto di un a presa di posizione politica&#8221;. &#8220;Tutte le polemiche su questo intervento \u00a0\u2013 ha concluso Berrino \u2013 sono solo pretestuose&#8221;.<\/p>\n","protected":false},"excerpt":{"rendered":"<p>L&#8217;assessore Berrino: &#8220;Ha fatto bene il presidente a dedicare il 70\u00b0 Festival di Sanremo ai lavoratori impegnati giorno a notte nella ricostruzione del ponte di Genova&#8221;<\/p>\n","protected":false},"author":17962,"featured_media":0,"comment_status":"open","ping_status":"closed","sticky":false,"template":"","format":"standard","meta":{"footnotes":""},"categories":[45296,56,31],"tags":[],"class_list":["post-489480","post","type-post","status-publish","format-standard","hentry","category-copertina","category-altre","category-politica"],"amp_validity":null,"amp_enabled":true,"_links":{"self":[{"href":"https:\/\/staging.ivg.it\/ediapi\/wp\/v2\/posts\/489480","targetHints":{"allow":["GET"]}}],"collection":[{"href":"https:\/\/staging.ivg.it\/ediapi\/wp\/v2\/posts"}],"about":[{"href":"https:\/\/staging.ivg.it\/ediapi\/wp\/v2\/types\/post"}],"author":[{"embeddable":true,"href":"https:\/\/staging.ivg.it\/ediapi\/wp\/v2\/users\/17962"}],"replies":[{"embeddable":true,"href":"https:\/\/staging.ivg.it\/ediapi\/wp\/v2\/comments?post=489480"}],"version-history":[{"count":0,"href":"https:\/\/staging.ivg.it\/ediapi\/wp\/v2\/posts\/489480\/revisions"}],"wp:attachment":[{"href":"https:\/\/staging.ivg.it\/ediapi\/wp\/v2\/media?parent=489480"}],"wp:term":[{"taxonomy":"category","embeddable":true,"href":"https:\/\/staging.ivg.it\/ediapi\/wp\/v2\/categories?post=489480"},{"taxonomy":"post_tag","embeddable":true,"href":"https:\/\/staging.ivg.it\/ediapi\/wp\/v2\/tags?post=489480"}],"curies":[{"name":"wp","href":"https:\/\/api.w.org\/{rel}","templated":true}]}}