{"id":488987,"date":"2020-02-04T07:57:03","date_gmt":"2020-02-04T06:57:03","guid":{"rendered":"http:\/\/www.ivg.it\/?p=488987"},"modified":"2020-02-04T07:57:03","modified_gmt":"2020-02-04T06:57:03","slug":"coronavirus-il-viaggio-di-un-finalese-in-cina-multe-per-chi-e-senza-mascherina-e-test-temperatura-anche-da-mcdonalds","status":"publish","type":"post","link":"https:\/\/staging.ivg.it\/2020\/02\/coronavirus-il-viaggio-di-un-finalese-in-cina-multe-per-chi-e-senza-mascherina-e-test-temperatura-anche-da-mcdonalds\/","title":{"rendered":"Coronavirus, il viaggio di un finalese in Cina: &#8220;Multe per chi \u00e8 senza mascherina e test temperatura anche da McDonald&#8217;s&#8221;"},"content":{"rendered":"<p><b>Finale Ligure. <\/b>\u201cC\u2019\u00e8 paura ed \u00e8 inutile negarlo, ma <strong>non stiamo parlando di zombie<\/strong> che girano per le strade della Cina e ci tengo a precisarlo. <strong>Il timore \u00e8 giustificato, l\u2019allarmismo gratuito no<\/strong> ed \u00e8 solo dannoso\u201d.<\/p>\n<p>Inizia cos\u00ec, con una precisazione doverosa, vista la psicosi dilagante per via del <strong>Coronavirus<\/strong>, il racconto di Daniele, 26enne di Finale Ligure, rientrato da poco (domenica 2 febbraio) in Italia insieme alla moglie, dopo un mese circa trascorso in <strong>Cina<\/strong>, nei pressi della citt\u00e0 di Guangzhou.<\/p>\n<p>Oltre a quello che si evince dai media nazionali ed internazionali, attraverso le sue parole abbiamo cercato di ricostruire, a mo\u2019 di reportage, la situazione che si sta vivendo in Cina in questi giorni, tra <strong>mascherine, persone chiuse in casa, strade deserte e presidiate dalle forze dell\u2019ordine e test della temperatura<\/strong> in attivit\u00e0 e negozi (i pochi rimasti ancora aperti).<\/p>\n<p>\u201cMia moglie \u00e8 cittadina cinese e siamo venuti qui per trascorrere le vacanze e partecipare al Capodanno Cinese, &#8211; ha esordito il giovane. &#8211; Siamo partiti lo scorso 11 gennaio e saremmo dovuti rientrare in Italia il 9 febbraio, ma abbiamo dovuto anticipare per paura di rimanere &#8216;bloccati&#8217;. <strong>Il caso \u00e8 scoppiato a Wuhan<\/strong>, che si trova a poco <strong>meno di un giorno di macchina da dove ci trovavamo noi<\/strong>, proprio l&#8217;11 gennaio\u201d.<\/p>\n<p>\u201cNe sentivamo parlare sui media nazionali, ma subito non abbiamo dato troppo peso alla cosa. E <strong>inizialmente qualcuno che mostrava i primi sintomi si \u00e8 anche \u2018nascosto\u2019<\/strong>, ma il presidente cinese ha fatto un discorso molto duro alla nazione, invitandoli a \u2018mostrarsi\u2019. Nel giro di una manciata di giorni, <strong>la situazione \u00e8 precipitata, con il numero di contagi aumentato in modo vertiginoso<\/strong>\u201d.<\/p>\n<p>\u201cAvevamo pianificato tante tappe per il nostro viaggio, ma alla fine ci siamo dovuti fermare dai genitori di mia moglie. Il pensiero \u00e8 stato: <strong>se andiamo in un albergo, chi c\u2019\u00e8 stato prima di noi? Sar\u00e0 sicuro?<\/strong> Volenti o nolenti, in situazioni cos\u00ec, la paura fa da padrone\u201d.\u00a0<\/p>\n<p>\u201cNon bisogna farsi prendere dal panico, ma \u00e8 anche vero che in strada non si esce tranquilli. <strong>Chi esce, lo fa solo per necessit\u00e0<\/strong>, per recarsi al supermercato a fare la spesa in genere, ma sia le attivit\u00e0 che le strade risultano deserte o quasi e questo fa ancora pi\u00f9 impressione nel periodo del Capodanno cinese, quando le vie, al contrario, solitamente sono stracolme di cittadini e turisti\u201d.<\/p>\n<p>\u201cNoi <strong>uscivamo sempre con il disinfettante e le mascherine, anche perch\u00e8 in caso contrario<\/strong>, se &#8216;pizzicati&#8217; dalle forze dell\u2019ordine, che presidiano tutte le strade, <strong>ti viene comminata una multa salata<\/strong>. Non siamo assolutamente persone paranoiche, ma il principio secondo cui prevenire \u00e8 meglio che curare vale sempre, soprattutto in casi come questo\u201d.<\/p>\n<p>\u201cHanno chiuso un sacco di attivit\u00e0 in questo periodo, anche tanti uffici, e sono stati vietati i ritrovi &#8216;troppo numerosi&#8217; in luoghi pubblici. <strong>I karaoke non possono riaprire, idem le palestre. Hanno chiuso anche Disneyland<\/strong> e, a campione, facevano i <strong>test per la temperatura anche solo per entrare da Starbucks o da McDonald\u2019s<\/strong>\u201d.<\/p>\n<p>\u201cUna situazione quasi da film, che ha scatenato la psicosi anche tra i cinesi. La gente \u00e8 preoccupata ed \u00e8 evidente anche solo quando qualcuno passa in macchina con la targa di Wuhan. Ricordo un episodio singolare, con un uomo che aveva appeso sulla sua auto diversi cartelli con scritto \u2018La targa \u00e8 di Wuhan ma \u00e8 la macchina che arriva da l\u00e0. Io ho sempre vissuto qui\u2019. Incredibile\u201d.<\/p>\n<div class=\"single-img-content-container fullwidth-single shortcode standard\">\n    <div class=\"image_container\" style=\"text-align: center;\">\n        <picture class=\" lazyload\"><img loading=\"lazy\" class=\"lazy\" data-srcset=\"https:\/\/www.ivg.it\/photogallery_new\/images\/2020\/02\/auto-wuhan-coronavirus-613658.jpg 1024w, https:\/\/www.ivg.it\/photogallery_new\/images\/2020\/02\/auto-wuhan-coronavirus-613658.jpg 970w, https:\/\/www.ivg.it\/photogallery_new\/images\/2020\/02\/auto-wuhan-coronavirus-613658.jpg 660w, https:\/\/www.ivg.it\/photogallery_new\/images\/2020\/02\/auto-wuhan-coronavirus-613658.jpg 316w, https:\/\/www.ivg.it\/photogallery_new\/images\/2020\/02\/auto-wuhan-coronavirus-613658.jpg 150w\"  data-src=\"https:\/\/www.ivg.it\/photogallery_new\/images\/2020\/02\/auto-wuhan-coronavirus-613658.jpg\" alt=\"Auto Wuhan Coronavirus\" \/><\/picture>\r\n\n    <\/div>\n    <\/div>\n\n<p>\u201cE la psicosi, seguendo le notizie da smartphone, abbiamo visto che \u00e8 esplosa anche in Europa e in Italia. Ma ci tengo a stigmatizzare l\u2019allarmismo gratuito: giusto essere preoccupati, ma sbagliato esagerare. Si rischia che la paura del virus si trasformi in intolleranza e timore verso gli altri, con episodi gravi di razzismo o simili di cui, di certo, in questo momento non abbiamo bisogno\u201d, ha concluso il 26enne finalese.<\/p>\n<p>Nel frattempo, fonte Ansa, \u201cla Cina ha registrato 57 nuovi decessi nel conteggio della sola giornata di domenica, portando il totale a quota 361: gli ultimi aggiornamenti della Commissione sanitaria nazionale (Nhc) hanno inoltre segnalato 2.296 nuovi contagi accertati, per 17.205 casi complessivi. Mentre i casi sospetti sono cresciuti a 21.558 e le guarigioni a quota 475. I <strong>361 morti<\/strong>, annunciati ieri dalla Commissione sanitaria nazionale (Nhc), hanno <strong>superato i decessi della Sars<\/strong>\u00a0(Sindrome respiratoria acuta grave) che nel 2002-03 ne fece 349, secondo i numeri ufficiali dell&#8217;Organizzazione mondiale della sanit\u00e0 (Oms). Allo stato, <strong>i contagi totali del coronavirus sono 17.205, pi\u00f9 del triplo dei 5.327 della Sars<\/strong>\u201d.<\/p>\n","protected":false},"excerpt":{"rendered":"<p>Il 26enne, rimasto quasi un mese nei pressi di Guangzhou con la moglie, \u00e8 rientrato ieri in Italia<\/p>\n","protected":false},"author":18599,"featured_media":0,"comment_status":"open","ping_status":"closed","sticky":false,"template":"","format":"standard","meta":{"footnotes":""},"categories":[45296,34],"tags":[111891,111892],"class_list":["post-488987","post","type-post","status-publish","format-standard","hentry","category-copertina","category-cronaca","tag-coronavirus","tag-virus-cina","post_cat_citta-finale-ligure"],"amp_validity":null,"amp_enabled":true,"_links":{"self":[{"href":"https:\/\/staging.ivg.it\/ediapi\/wp\/v2\/posts\/488987","targetHints":{"allow":["GET"]}}],"collection":[{"href":"https:\/\/staging.ivg.it\/ediapi\/wp\/v2\/posts"}],"about":[{"href":"https:\/\/staging.ivg.it\/ediapi\/wp\/v2\/types\/post"}],"author":[{"embeddable":true,"href":"https:\/\/staging.ivg.it\/ediapi\/wp\/v2\/users\/18599"}],"replies":[{"embeddable":true,"href":"https:\/\/staging.ivg.it\/ediapi\/wp\/v2\/comments?post=488987"}],"version-history":[{"count":0,"href":"https:\/\/staging.ivg.it\/ediapi\/wp\/v2\/posts\/488987\/revisions"}],"wp:attachment":[{"href":"https:\/\/staging.ivg.it\/ediapi\/wp\/v2\/media?parent=488987"}],"wp:term":[{"taxonomy":"category","embeddable":true,"href":"https:\/\/staging.ivg.it\/ediapi\/wp\/v2\/categories?post=488987"},{"taxonomy":"post_tag","embeddable":true,"href":"https:\/\/staging.ivg.it\/ediapi\/wp\/v2\/tags?post=488987"}],"curies":[{"name":"wp","href":"https:\/\/api.w.org\/{rel}","templated":true}]}}