{"id":48836,"date":"2009-02-02T17:26:43","date_gmt":"2009-02-02T16:26:43","guid":{"rendered":"http:\/\/www.ivg.it\/2009\/02\/02\/savona-marocchino-in-stato-di-ebbrezza-sbatte-contro-tre-auto-in-sosta\/"},"modified":"2009-02-03T10:54:27","modified_gmt":"2009-02-03T09:54:27","slug":"savona-marocchino-in-stato-di-ebbrezza-sbatte-contro-tre-auto-in-sosta","status":"publish","type":"post","link":"https:\/\/staging.ivg.it\/2009\/02\/savona-marocchino-in-stato-di-ebbrezza-sbatte-contro-tre-auto-in-sosta\/","title":{"rendered":"Savona, marocchino in stato di ebbrezza sbatte contro tre auto in sosta"},"content":{"rendered":"<p><strong>[thumb:1116:l]Savona.<\/strong> E&#8217; stato denunciato a piede libero per guida in stato di ebbrezza un cittadino marocchino di 25 anni che nel pomeriggio di oggi \u00e8 andato a sbattere contro tre auto in sosta mentre percorreva con la sua auto Corso Colombo a Savona. Il giovane extracomunitario \u00e8 risultato positivo all&#8217;alcool test.<\/p>\n<p>Nei suoi confronti \u00e8 scattato anche il sequestro del mezzo. Inoltre, dagli accertamenti eseguiti dalla polizia municipale savonese, \u00e8 emerso che al conducente era gi\u00e0 stata ritirata la patente. Le vetture colpite hanno riportato danni non ingenti.<\/p>\n","protected":false},"excerpt":{"rendered":"<p>[thumb:1116:l]Savona. E&#8217; stato denunciato a piede libero per guida in stato di ebbrezza un cittadino marocchino di 25 anni che nel pomeriggio di oggi \u00e8 andato a sbattere contro tre auto in sosta mentre percorreva con la sua auto Corso Colombo a Savona. Il giovane extracomunitario \u00e8 risultato positivo all&#8217;alcool test. Nei suoi confronti \u00e8 [&hellip;]<\/p>\n","protected":false},"author":13744,"featured_media":0,"comment_status":"open","ping_status":"closed","sticky":false,"template":"","format":"standard","meta":{"footnotes":""},"categories":[34],"tags":[1055,4342,2056,85850],"class_list":["post-48836","post","type-post","status-publish","format-standard","hentry","category-cronaca","tag-ebbrezza","tag-marocchino","tag-polizia-municipale","tag-savona","post_cat_citta-andora","post_cat_citta-savona"],"amp_validity":null,"amp_enabled":true,"_links":{"self":[{"href":"https:\/\/staging.ivg.it\/ediapi\/wp\/v2\/posts\/48836","targetHints":{"allow":["GET"]}}],"collection":[{"href":"https:\/\/staging.ivg.it\/ediapi\/wp\/v2\/posts"}],"about":[{"href":"https:\/\/staging.ivg.it\/ediapi\/wp\/v2\/types\/post"}],"author":[{"embeddable":true,"href":"https:\/\/staging.ivg.it\/ediapi\/wp\/v2\/users\/13744"}],"replies":[{"embeddable":true,"href":"https:\/\/staging.ivg.it\/ediapi\/wp\/v2\/comments?post=48836"}],"version-history":[{"count":0,"href":"https:\/\/staging.ivg.it\/ediapi\/wp\/v2\/posts\/48836\/revisions"}],"wp:attachment":[{"href":"https:\/\/staging.ivg.it\/ediapi\/wp\/v2\/media?parent=48836"}],"wp:term":[{"taxonomy":"category","embeddable":true,"href":"https:\/\/staging.ivg.it\/ediapi\/wp\/v2\/categories?post=48836"},{"taxonomy":"post_tag","embeddable":true,"href":"https:\/\/staging.ivg.it\/ediapi\/wp\/v2\/tags?post=48836"}],"curies":[{"name":"wp","href":"https:\/\/api.w.org\/{rel}","templated":true}]}}