{"id":487650,"date":"2020-01-17T19:40:27","date_gmt":"2020-01-17T18:40:27","guid":{"rendered":"http:\/\/www.ivg.it\/?p=487650"},"modified":"2020-01-17T20:35:08","modified_gmt":"2020-01-17T19:35:08","slug":"incidente-in-autostrada-sulla6-tratto-chiuso-tra-altare-e-savona","status":"publish","type":"post","link":"https:\/\/staging.ivg.it\/2020\/01\/incidente-in-autostrada-sulla6-tratto-chiuso-tra-altare-e-savona\/","title":{"rendered":"Incidente A6: auto si sgancia da carro attrezzi e investe proprietario. Riapre tratto Altare-Savona"},"content":{"rendered":"<p><em><strong>Agg. Ore 20:25.<\/strong> Fortunatamente le ferite riportate dall&#8217;automobilista sono state giudicate meno gravi del previsto. L&#8217;intervento dei militi della croce\u00a0bianca di Carcare e del personale del 118 si \u00e8 concluso e il ferito \u00e8 stato trasportato, in codice giallo, all&#8217;ospedale San Paolo di Savona. Riaperto il tratto Altare-Savona in A6.\u00a0<\/em><\/p>\n<p><iframe loading=\"lazy\" style=\"border: none; overflow: hidden;\" src=\"https:\/\/www.facebook.com\/plugins\/post.php?href=https%3A%2F%2Fwww.facebook.com%2FAutostradaDeiFiori%2Fposts%2F492653364600657&amp;width=500\" width=\"500\" height=\"230\" frameborder=\"0\" scrolling=\"no\"><\/iframe><\/p>\n<p><em><strong>Agg. Ore 20.<\/strong> Cominciano ad emergere i primi dettagli sulla dinamica dell&#8217;incidente avvenuto in A6. Stando alle informazioni ricevute, un uomo a bordo della sua auto avrebbe perso il controllo del mezzo, andando a sbattere contro il guardrail. Ma sarebbe stato poi lui stesso, senza aver riportato lesioni nonostante l&#8217;impatto, ad allertare i soccorsi.<\/em><\/p>\n<p><em>Sul posto \u00e8 sopraggiunto il carro attrezzi per il recupero del veicolo incidentato, ma \u00e8 proprio in quel momento che qualcosa sarebbe andato storto. Per cause da accertare, l&#8217;auto sollevata sopra il mezzo sarebbe &#8220;scivolata&#8221; all&#8217;indietro, investendo in pieno il proprietario, che ha riportato diversi traumi. Militi e personale sanitario stanno prestando i soccorsi proprio in questi minuti.\u00a0<\/em><\/p>\n<p><strong>Altare-Savona.<\/strong> Si \u00e8 verificato un incidente sulla A6 Torino-Savona, in direzione Savona, intorno alle 19,30. Ed \u00e8 stato chiuso momentaneamente al traffico il tratto tra Altare e bivio A6-A10 (Savona).<\/p>\n<p><iframe loading=\"lazy\" style=\"border: none; overflow: hidden;\" src=\"https:\/\/www.facebook.com\/plugins\/post.php?href=https%3A%2F%2Fwww.facebook.com%2FAutostradaDeiFiori%2Fposts%2F492636034602390&amp;width=500\" width=\"500\" height=\"211\" frameborder=\"0\" scrolling=\"no\"><\/iframe><\/p>\n<p>L&#8217;incidente si \u00e8 verificato da una manciata di minuti e non si sa ancora nulla sulla dinamica n\u00e9 sui veicoli coinvolti o eventuali feriti al momento. Sul posto un&#8217;ambulanza della croce bianca di Carcare.<\/p>\n<p>Quel che \u00e8 certo, come comunicato direttamente da Autostrada dei Fiori sul sito e sulla pagina Facebook, \u00e8 che \u00e8 stata chiusa la A6, nel tratto compreso tra Savona e Altare e che &#8220;il traffico diretto a Savona, dopo essere uscito ad Altare, pu\u00f2 rientrare per Savona&#8221;.<\/p>\n","protected":false},"excerpt":{"rendered":"<p>Il ferito \u00e8 stato trasportato, in codice giallo, all&#8217;ospedale San Paolo di Savona<\/p>\n","protected":false},"author":18599,"featured_media":0,"comment_status":"open","ping_status":"closed","sticky":false,"template":"","format":"standard","meta":{"footnotes":""},"categories":[45296,34],"tags":[110895,67339,71950,67010],"class_list":["post-487650","post","type-post","status-publish","format-standard","hentry","category-copertina","category-cronaca","tag-chiusura-a6","tag-croce-bianca-carcare","tag-incidente-a6","tag-incidente-autostrada"],"amp_validity":null,"amp_enabled":true,"_links":{"self":[{"href":"https:\/\/staging.ivg.it\/ediapi\/wp\/v2\/posts\/487650","targetHints":{"allow":["GET"]}}],"collection":[{"href":"https:\/\/staging.ivg.it\/ediapi\/wp\/v2\/posts"}],"about":[{"href":"https:\/\/staging.ivg.it\/ediapi\/wp\/v2\/types\/post"}],"author":[{"embeddable":true,"href":"https:\/\/staging.ivg.it\/ediapi\/wp\/v2\/users\/18599"}],"replies":[{"embeddable":true,"href":"https:\/\/staging.ivg.it\/ediapi\/wp\/v2\/comments?post=487650"}],"version-history":[{"count":0,"href":"https:\/\/staging.ivg.it\/ediapi\/wp\/v2\/posts\/487650\/revisions"}],"wp:attachment":[{"href":"https:\/\/staging.ivg.it\/ediapi\/wp\/v2\/media?parent=487650"}],"wp:term":[{"taxonomy":"category","embeddable":true,"href":"https:\/\/staging.ivg.it\/ediapi\/wp\/v2\/categories?post=487650"},{"taxonomy":"post_tag","embeddable":true,"href":"https:\/\/staging.ivg.it\/ediapi\/wp\/v2\/tags?post=487650"}],"curies":[{"name":"wp","href":"https:\/\/api.w.org\/{rel}","templated":true}]}}