{"id":487598,"date":"2020-01-17T11:33:05","date_gmt":"2020-01-17T10:33:05","guid":{"rendered":"http:\/\/www.ivg.it\/?p=487598"},"modified":"2020-01-17T11:34:21","modified_gmt":"2020-01-17T10:34:21","slug":"una-zona-di-savona-abbandonata-al-degrado","status":"publish","type":"post","link":"https:\/\/staging.ivg.it\/2020\/01\/una-zona-di-savona-abbandonata-al-degrado\/","title":{"rendered":"Una zona di Savona abbandonata al degrado"},"content":{"rendered":"<p>C&#8217;\u00e8 un vasto tratto di Savona, compreso tra via 4 Novembre, l&#8217;area parcheggio della ex stazione FS e il tribunale, che \u00e8 abbandonata al degrado pi\u00f9 profondo. \u00c8 un&#8217;area in discesa di terra battuta, con alcune piante non meglio identificate, che sono usate di giorno e notte, come schermo di una latrina vasta e generalizzata; entrando tra queste piante un odore di urina e di feci aggredisce le narici, ovunque decine e decine di fazzolettini di carta dall&#8217;uso evidente, il terreno\u00a0che non pu\u00f2 pi\u00f9 drenare appare fangoso e puzzolente indovinate per quale motivo. La zona \u00e8 anche usata come discarica di lattine e bottiglie prevalentemente di birra i cui consumatori siedono su tre fioriere vandalizzate poste nel piazzale sovrastante questa area degradata.<\/p>\n<p>Al di sotto del triste boschetto concimato da deiezioni e rifiuti c&#8217;\u00e8 una fermata del bus anch&#8217;essa vandalizzata.\u00a0Sulle fioriere usate dagli incivili qualcuno ha provveduto a strappare le tavolette di legno che fungevano da seduta. Questa situazione antigienica \u00e8 sotto gli occhi e il naso di tutti da tempo: perch\u00e9 non disboscare questa area e mettere a nudo tutto quello che vi si trova e che accade? Forse sarebbe una soluzione per ripulire un breve tratto della citt\u00e0 ed impedire che lo schifo continui.<\/p>\n<p>Ovviamente tutti sanno perfettamente chi deturpa questo pezzo di Savona, sono gli stessi che occupano le panchine dei poveri giardini o meglio degli ex giardini di piazza del Popolo ora meglio nota come piazza dei popoli incivili. Comici e patetici sono i cartelli con il divieto di calpestare le aiuole rivolti a persone e cani.<\/p>\n<p><em><strong>Roberto Nicolick<\/strong><\/em><\/p>\n","protected":false},"excerpt":{"rendered":"<p>di Roberto Nicolick<\/p>\n","protected":false},"author":20094,"featured_media":0,"comment_status":"open","ping_status":"closed","sticky":false,"template":"","format":"standard","meta":{"footnotes":""},"categories":[120],"tags":[2805,85850],"class_list":["post-487598","post","type-post","status-publish","format-standard","hentry","category-lettere","tag-degrado","tag-savona","post_cat_citta-savona"],"amp_validity":null,"amp_enabled":true,"_links":{"self":[{"href":"https:\/\/staging.ivg.it\/ediapi\/wp\/v2\/posts\/487598","targetHints":{"allow":["GET"]}}],"collection":[{"href":"https:\/\/staging.ivg.it\/ediapi\/wp\/v2\/posts"}],"about":[{"href":"https:\/\/staging.ivg.it\/ediapi\/wp\/v2\/types\/post"}],"author":[{"embeddable":true,"href":"https:\/\/staging.ivg.it\/ediapi\/wp\/v2\/users\/20094"}],"replies":[{"embeddable":true,"href":"https:\/\/staging.ivg.it\/ediapi\/wp\/v2\/comments?post=487598"}],"version-history":[{"count":0,"href":"https:\/\/staging.ivg.it\/ediapi\/wp\/v2\/posts\/487598\/revisions"}],"wp:attachment":[{"href":"https:\/\/staging.ivg.it\/ediapi\/wp\/v2\/media?parent=487598"}],"wp:term":[{"taxonomy":"category","embeddable":true,"href":"https:\/\/staging.ivg.it\/ediapi\/wp\/v2\/categories?post=487598"},{"taxonomy":"post_tag","embeddable":true,"href":"https:\/\/staging.ivg.it\/ediapi\/wp\/v2\/tags?post=487598"}],"curies":[{"name":"wp","href":"https:\/\/api.w.org\/{rel}","templated":true}]}}