{"id":48744,"date":"2009-02-02T09:49:26","date_gmt":"2009-02-02T08:49:26","guid":{"rendered":"http:\/\/www.ivg.it\/2009\/02\/02\/savona-venerdi-doppio-appuntamento-alla-libreria-ubik\/"},"modified":"2009-02-02T09:49:26","modified_gmt":"2009-02-02T08:49:26","slug":"savona-venerdi-doppio-appuntamento-alla-libreria-ubik","status":"publish","type":"post","link":"https:\/\/staging.ivg.it\/2009\/02\/savona-venerdi-doppio-appuntamento-alla-libreria-ubik\/","title":{"rendered":"Savona, venerd\u00ec doppio appuntamento alla libreria Ubik"},"content":{"rendered":"<p><strong>[thumb:1825:l]Savona. <\/strong>Saranno due gli appuntamenti culturali in calendario venerd\u00ec 6 febbraio alla libreria Ubik di Savona. Si comincer\u00e0 alle 18 con la presentazione del libro &#8220;Il cattolicesimo reale&#8221; affrontato attraverso l&#8217;analisi dei testi della Bibbia, dei Papi, dei dottori della Chiesa e dei concili. Saranno presenti l&#8217;autore, Walter Peruzzi, ed il giornalista Mimmo Lombezzi.<\/p>\n<p>Si proseguir\u00e0 poi alle 20 incontrando Dino Cofrancesco, docente di storia della filosofia politica presso l&#8217;Universit\u00e0 degli studi di Genova, che affronter\u00e0 il tema &#8220;La sinistra e il Novecento&#8221;. La libreria proporr\u00e0 inoltre un&#8217;apertura serale straordinaria durante lo svolgimento dell&#8217;iniziativa.<\/p>\n","protected":false},"excerpt":{"rendered":"<p>[thumb:1825:l]Savona. Saranno due gli appuntamenti culturali in calendario venerd\u00ec 6 febbraio alla libreria Ubik di Savona. Si comincer\u00e0 alle 18 con la presentazione del libro &#8220;Il cattolicesimo reale&#8221; affrontato attraverso l&#8217;analisi dei testi della Bibbia, dei Papi, dei dottori della Chiesa e dei concili. Saranno presenti l&#8217;autore, Walter Peruzzi, ed il giornalista Mimmo Lombezzi. Si [&hellip;]<\/p>\n","protected":false},"author":1385,"featured_media":0,"comment_status":"open","ping_status":"closed","sticky":false,"template":"","format":"standard","meta":{"footnotes":""},"categories":[],"tags":[2202,2509,805,85850,86022],"class_list":["post-48744","post","type-post","status-publish","format-standard","hentry","tag-incontro-pubblico","tag-iniziativa","tag-libreria","tag-savona","tag-ubik","post_cat_citta-savona"],"amp_validity":null,"amp_enabled":true,"_links":{"self":[{"href":"https:\/\/staging.ivg.it\/ediapi\/wp\/v2\/posts\/48744","targetHints":{"allow":["GET"]}}],"collection":[{"href":"https:\/\/staging.ivg.it\/ediapi\/wp\/v2\/posts"}],"about":[{"href":"https:\/\/staging.ivg.it\/ediapi\/wp\/v2\/types\/post"}],"author":[{"embeddable":true,"href":"https:\/\/staging.ivg.it\/ediapi\/wp\/v2\/users\/1385"}],"replies":[{"embeddable":true,"href":"https:\/\/staging.ivg.it\/ediapi\/wp\/v2\/comments?post=48744"}],"version-history":[{"count":0,"href":"https:\/\/staging.ivg.it\/ediapi\/wp\/v2\/posts\/48744\/revisions"}],"wp:attachment":[{"href":"https:\/\/staging.ivg.it\/ediapi\/wp\/v2\/media?parent=48744"}],"wp:term":[{"taxonomy":"category","embeddable":true,"href":"https:\/\/staging.ivg.it\/ediapi\/wp\/v2\/categories?post=48744"},{"taxonomy":"post_tag","embeddable":true,"href":"https:\/\/staging.ivg.it\/ediapi\/wp\/v2\/tags?post=48744"}],"curies":[{"name":"wp","href":"https:\/\/api.w.org\/{rel}","templated":true}]}}