{"id":487402,"date":"2020-01-15T10:01:24","date_gmt":"2020-01-15T09:01:24","guid":{"rendered":"http:\/\/www.ivg.it\/?p=487402"},"modified":"2020-01-15T10:02:47","modified_gmt":"2020-01-15T09:02:47","slug":"granfondo-alassio-la-stagione-ciclistica-2020-inizia-dal-mare","status":"publish","type":"post","link":"https:\/\/staging.ivg.it\/2020\/01\/granfondo-alassio-la-stagione-ciclistica-2020-inizia-dal-mare\/","title":{"rendered":"Granfondo Alassio: la stagione ciclistica 2020 inizia dal mare"},"content":{"rendered":"<p><strong>Alassio.<\/strong> La<strong> stagione 2020 del Gs Alpi<\/strong> inizia dal mare. Il gruppo sportivo organizzer\u00e0 infatti, <strong>domenica 15 marzo,<\/strong> la <strong>settima edizione della Granfondo Alassio<\/strong>, che si svolger\u00e0 tre settimane dopo la Granfondo Internazionale Laigueglia Lapierre. Percorsi molto simili tra le due gare, ma con alcune sostanziali differenze: senza dubbio, la Granfondo di Alassio \u00e8 molto pi\u00f9 complicata dal punto di vista altimetrico, e presenter\u00e0 due percorsi a disposizione dei cicloamatori.<\/p>\n<p>I dislivelli parlano da soli: chi affronter\u00e0 il percorso corto della Granfondo di Alassio <strong>si misurer\u00e0 su un tracciato di 68 chilometri per 1.590 metri di dislivello, mentre il lungo misura 109 chilometri per 2.400 metri di dislivello<\/strong>. Entrambi i percorsi termineranno in cima alla salita della Madonna della Guardia, un&#8217;ascesa famosa per la sua durezza, in quanto misura 9 chilometri e presenta delle pendenze tra l&#8217;8% e il 12%. L&#8217;ultimo tratto, in particolare, \u00e8 davvero molto impegnativo, ma <strong>il taglio del traguardo sar\u00e0 un&#8217;immensa soddisfazione per tutti i partecipanti: dal Santuario \u00e8 possibile ammirare un panorama incredibile sul mare\u00a0<\/strong>e ci si potr\u00e0 quindi riposare e rifocillare prima del pasta party.<\/p>\n<p><strong>Fino a sabato 8 febbraio \u00e8 possibile iscriversi alla Granfondo di Alassio al prezzo promozionale di 40 euro.<\/strong> Tutte le informazioni sono disponibili a questo link: <a href=\"https:\/\/www.granfondoalassio.it\">https:\/\/www.granfondoalassio.it<\/a>.<\/p>\n","protected":false},"excerpt":{"rendered":"<p>Appuntamento per domenica 15 marzo con la settima edizione della corsa internazionale<\/p>\n","protected":false},"author":18,"featured_media":0,"comment_status":"open","ping_status":"closed","sticky":false,"template":"","format":"standard","meta":{"footnotes":""},"categories":[45296,42377,32],"tags":[515,64401,81762],"class_list":["post-487402","post","type-post","status-publish","format-standard","hentry","category-copertina","category-altri-sport","category-sport","tag-ciclismo","tag-granfondo-alassio","tag-gs-alpi","post_cat_citta-alassio"],"amp_validity":null,"amp_enabled":true,"_links":{"self":[{"href":"https:\/\/staging.ivg.it\/ediapi\/wp\/v2\/posts\/487402","targetHints":{"allow":["GET"]}}],"collection":[{"href":"https:\/\/staging.ivg.it\/ediapi\/wp\/v2\/posts"}],"about":[{"href":"https:\/\/staging.ivg.it\/ediapi\/wp\/v2\/types\/post"}],"author":[{"embeddable":true,"href":"https:\/\/staging.ivg.it\/ediapi\/wp\/v2\/users\/18"}],"replies":[{"embeddable":true,"href":"https:\/\/staging.ivg.it\/ediapi\/wp\/v2\/comments?post=487402"}],"version-history":[{"count":0,"href":"https:\/\/staging.ivg.it\/ediapi\/wp\/v2\/posts\/487402\/revisions"}],"wp:attachment":[{"href":"https:\/\/staging.ivg.it\/ediapi\/wp\/v2\/media?parent=487402"}],"wp:term":[{"taxonomy":"category","embeddable":true,"href":"https:\/\/staging.ivg.it\/ediapi\/wp\/v2\/categories?post=487402"},{"taxonomy":"post_tag","embeddable":true,"href":"https:\/\/staging.ivg.it\/ediapi\/wp\/v2\/tags?post=487402"}],"curies":[{"name":"wp","href":"https:\/\/api.w.org\/{rel}","templated":true}]}}