{"id":487046,"date":"2020-01-10T15:51:55","date_gmt":"2020-01-10T14:51:55","guid":{"rendered":"http:\/\/www.ivg.it\/?p=487046"},"modified":"2020-01-10T15:51:55","modified_gmt":"2020-01-10T14:51:55","slug":"spettacoli-teatrali-poesie-musica-fiere-presepi-un-gradevole-fine-settimana-di-eventi-in-provincia","status":"publish","type":"post","link":"https:\/\/staging.ivg.it\/2020\/01\/spettacoli-teatrali-poesie-musica-fiere-presepi-un-gradevole-fine-settimana-di-eventi-in-provincia\/","title":{"rendered":"Spettacoli teatrali, poesie, musica, fiere, presepi: un gradevole fine settimana di eventi in provincia"},"content":{"rendered":"<p><strong>Provincia.<\/strong> &#8220;Forzati sempre a vedere il contorno luminoso dietro la nuvola pi\u00f9 tetra e affronterai con piena fiducia anche una prospettiva nera&#8221;. Lo scrittore britannico sir Robert Baden-Powell ci scuote cos\u00ec dalla &#8220;nostalgia&#8221; per le feste ormai andate e ci sprona ad affrontare con ottimismo il nuovo anno. L&#8217;ottimismo sar\u00e0 anche il substrato degli <a href=\"http:\/\/www.ivg.it\/cosa-fare-savona\/\">IVG Eventi<\/a> di questo fine settimana postnatalizio.<\/p>\n<p>Ad infonderci positivit\u00e0 sar\u00e0 un vero esperto del &#8220;settore&#8221;, il comico ligure <a href=\"http:\/\/www.ivg.it\/evento\/anthology-con-antonio-ornano-in-scena-allantico-teatro-sacco\/\">Antonio Ornano<\/a>, che strapper\u00e0 un &#8220;Sacco&#8221; di risate (e anche qualche lacrima!) agli appassionati spettatori di <strong>Savona<\/strong> con la sua &#8220;Anthology&#8221;.<\/p>\n<p>Parole e suoni coinvolgeranno il pubblico di <strong>Loano<\/strong> in un crescendo di emozioni positive e riflessioni sulle stagioni della vita che si fonderanno nel live project di Maurizio Rossato e Giancarlo Cattaneo <a href=\"http:\/\/www.ivg.it\/evento\/poesia-musica-e-immagini-dialogano-nello-spettacolo-life\/\">&#8220;#Life&#8221;<\/a>.<\/p>\n<p>La giocondit\u00e0 e spensieratezza avvolgeranno <strong>Albenga<\/strong>, dove circa 400 espositori faranno conoscere i loro allevamenti di piccoli animali domestici e della fattoria nel contesto della <a href=\"http:\/\/www.ivg.it\/evento\/xii-mostra-avicola-sociale\/\">XII Mostra Avicola Sociale<\/a>.<\/p>\n<p>L&#8217;ottimismo favorisce la fantasia, ad esempio immaginare di passeggiare tra le mille viuzze de <a href=\"http:\/\/www.ivg.it\/evento\/i-presepi-dei-ceramisti-in-mostra-alla-fornace-alba-docilia\/\">&#8220;I presepi dei ceramisti&#8221;<\/a>, che gli artisti artigiani del territorio mettono in mostra ancora per pochi giorni ad <strong>Albissola Marina<\/strong>.<\/p>\n<div class=\"single-img-content-container fullwidth-single shortcode standard\">\n    <div class=\"image_container\" style=\"text-align: center;\">\n        <picture class=\" lazyload\"><img loading=\"lazy\" class=\"lazy\" data-srcset=\"https:\/\/www.ivg.it\/photogallery_new\/images\/2017\/08\/antonio-ornano-al-giardino-del-principe-di-loano-415793.jpg 1024w, https:\/\/www.ivg.it\/photogallery_new\/images\/2017\/08\/antonio-ornano-al-giardino-del-principe-di-loano-415793.jpg 970w, https:\/\/www.ivg.it\/photogallery_new\/images\/2017\/08\/antonio-ornano-al-giardino-del-principe-di-loano-415793.jpg 660w, https:\/\/www.ivg.it\/photogallery_new\/images\/2017\/08\/antonio-ornano-al-giardino-del-principe-di-loano-415793.jpg 316w, https:\/\/www.ivg.it\/photogallery_new\/images\/2017\/08\/antonio-ornano-al-giardino-del-principe-di-loano-415793.jpg 150w\"  data-src=\"https:\/\/www.ivg.it\/photogallery_new\/images\/2017\/08\/antonio-ornano-al-giardino-del-principe-di-loano-415793.jpg\" alt=\"Antonio Ornano al Giardino del Principe di Loano\" \/><\/picture>\r\n\n    <\/div>\n    <\/div>\n\n<p><strong>Savona.<\/strong> Sabato 11 gennaio al Teatro Sacco si esibir\u00e0 l&#8217;attore spezzino <a href=\"http:\/\/www.ivg.it\/evento\/anthology-con-antonio-ornano-in-scena-allantico-teatro-sacco\/\">Antonio Ornano<\/a> nello spettacolo &#8220;Anthology&#8221;, scritto da lui stesso insieme a Simone Repetto, Carlo Turati e Matteo Monforte per la regia di Davide Balbi.<\/p>\n<p>&#8220;Anthology&#8221; vuole essere una &#8220;festa&#8221;, perch\u00e9 per Ornano ogni spettacolo \u00e8 sempre stato cos\u00ec, e un modo di segnare un primo bilancio della sua carriera da comico, riassumendo quello che \u00e8 stato in questi anni, dalle prime esperienze a &#8220;Zelig&#8221; agli spettacoli da monologhista fatti a teatro negli ultimi anni.<\/p>\n<p>Un racconto di vita profondamente segnato da figure evocate in scena, tra le quali spicca una donna vincente e prevaricatrice, la &#8220;crostatina&#8221;, che altri non \u00e8 se non la sua dolce met\u00e0.<\/p>\n<div class=\"single-img-content-container fullwidth-single shortcode standard\">\n    <div class=\"image_container\" style=\"text-align: center;\">\n        <picture class=\" lazyload\"><img loading=\"lazy\" class=\"lazy\" data-srcset=\"https:\/\/www.ivg.it\/photogallery_new\/images\/2020\/01\/life-spettacolo-parole-note-progetto-maurizio-rossato-e-giancarlo-cattaneo-604774.jpg 1024w, https:\/\/www.ivg.it\/photogallery_new\/images\/2020\/01\/life-spettacolo-parole-note-progetto-maurizio-rossato-e-giancarlo-cattaneo-604774.jpg 970w, https:\/\/www.ivg.it\/photogallery_new\/images\/2020\/01\/life-spettacolo-parole-note-progetto-maurizio-rossato-e-giancarlo-cattaneo-604774.jpg 660w, https:\/\/www.ivg.it\/photogallery_new\/images\/2020\/01\/life-spettacolo-parole-note-progetto-maurizio-rossato-e-giancarlo-cattaneo-604774.jpg 316w, https:\/\/www.ivg.it\/photogallery_new\/images\/2020\/01\/life-spettacolo-parole-note-progetto-maurizio-rossato-e-giancarlo-cattaneo-604774.jpg 150w\"  data-src=\"https:\/\/www.ivg.it\/photogallery_new\/images\/2020\/01\/life-spettacolo-parole-note-progetto-maurizio-rossato-e-giancarlo-cattaneo-604774.jpg\" alt=\"&quot;Life&quot; spettacolo &quot;Parole Note&quot; progetto Maurizio Rossato e Giancarlo Cattaneo\" \/><\/picture>\r\n\n    <\/div>\n    <\/div>\n\n<p><strong>Loano.<\/strong> Ultimo appuntamento della nona edizione della rassegna &#8220;Libri sotto l&#8217;Albero&#8221;, che ogni anno presenta le migliori produzioni letterarie dell&#8217;ultimo periodo. Sabato 11 gennaio a Palazzo Kursaal andr\u00e0 in scena <a href=\"http:\/\/www.ivg.it\/evento\/poesia-musica-e-immagini-dialogano-nello-spettacolo-life\/\">&#8220;#Life&#8221;<\/a>, progetto che mette in dialogo poesia, musica, immagini ideato da Maurizio Rossato di Radio Deejay con la partecipazione di Giancarlo Cattaneo di Radio m2o.<\/p>\n<p>&#8220;#Life&#8221; esplora le stagioni della vita attraverso un&#8217;intensa selezione di letture impreziosite da musica e immagini. Pensieri, poesie, lettere, discorsi: le pagine pi\u00f9 belle di ogni tempo sono rese ancora pi\u00f9 coinvolgenti dalla singolare interpretazione. &#8220;#Life&#8221; \u00e8 uno spettacolo innovativo che regala forti emozioni.<\/p>\n<p>In scena, accanto al megaschermo che diffonde le immagini, Maurizio Rossato fonde la sequenza di video e musiche: su questo sottofondo si stagliano le parole intensamente interpretate da Giancarlo Cattaneo. Attraverso i testi proposti si esplorano sentimenti, relazioni, fasi della vita e si intraprende un inaspettato viaggio interiore.<\/p>\n<div class=\"single-img-content-container fullwidth-single shortcode standard\">\n    <div class=\"image_container\" style=\"text-align: center;\">\n        <picture class=\" lazyload\"><img loading=\"lazy\" class=\"lazy\" data-srcset=\"https:\/\/www.ivg.it\/photogallery_new\/images\/2020\/01\/escab-t-corale-musica-occitana-604669.jpg 1024w, https:\/\/www.ivg.it\/photogallery_new\/images\/2020\/01\/escab-t-corale-musica-occitana-604669.jpg 970w, https:\/\/www.ivg.it\/photogallery_new\/images\/2020\/01\/escab-t-corale-musica-occitana-604669.jpg 660w, https:\/\/www.ivg.it\/photogallery_new\/images\/2020\/01\/escab-t-corale-musica-occitana-604669.jpg 316w, https:\/\/www.ivg.it\/photogallery_new\/images\/2020\/01\/escab-t-corale-musica-occitana-604669.jpg 150w\"  data-src=\"https:\/\/www.ivg.it\/photogallery_new\/images\/2020\/01\/escab-t-corale-musica-occitana-604669.jpg\" alt=\"Escab\u00f2t corale musica occitana\" \/><\/picture>\r\n\n    <\/div>\n    <\/div>\n\n<p><strong>Finale Ligure.<\/strong> Sabato 11 gennaio la terza edizione dei <a href=\"http:\/\/www.ivg.it\/evento\/la-musica-occitana-della-corale-escabot-allauditorium-santa-caterina\/\">&#8220;Pomeriggi Musicali&#8221;<\/a>, organizzati dalla Societ\u00e0 dei Concerti, entrer\u00e0 nel vivo con il concerto di musica occitana della corale Escab\u00f2t.<\/p>\n<p>Escab\u00f2t nasce nel 1999 dall&#8217;impulso di nove cantori delle valli Grana e Stura (Cuneo), uniti dalla duplice comune passione per il canto popolare e la questione occitanica. Il &#8220;gruppo&#8221; (tale \u00e8 appunto la traduzione di &#8220;Escab\u00f2t&#8221;) propone esclusivamente brani attinti dall&#8217;immenso filone della tradizione popolare occitana, diretta discendente dell&#8217;ispirazione trobadorica.<\/p>\n<p>Il repertorio percorre otto secoli di storia e il territorio compreso tra Alpi Occidentali e Pirenei, raccontando le vicende della pi\u00f9 estesa nazione negata d&#8217;Europa, con numerosi brani della tradizione pi\u00f9 antica proposti negli arrangiamenti polifonici di Fabrizio Simondi, uno dei musicisti fondatori de Lou Dalfin con Sergio Berardo.<\/p>\n<p>Contemporanea al concerto vi sar\u00e0 l&#8217;esposizione di alcuni disegni su legno dell&#8217;artista conosciuto come Geppetto di Valle.<\/p>\n<div class=\"single-img-content-container fullwidth-single shortcode standard\">\n    <div class=\"image_container\" style=\"text-align: center;\">\n        <picture class=\" lazyload\"><img loading=\"lazy\" class=\"lazy\" data-srcset=\"https:\/\/www.ivg.it\/photogallery_new\/images\/2016\/08\/caricamento-temporaneo-per-contributo-49km2g5cm1-354393.jpg 1024w, https:\/\/www.ivg.it\/photogallery_new\/images\/2016\/08\/caricamento-temporaneo-per-contributo-49km2g5cm1-354393.jpg 970w, https:\/\/www.ivg.it\/photogallery_new\/images\/2016\/08\/caricamento-temporaneo-per-contributo-49km2g5cm1-354393.jpg 660w, https:\/\/www.ivg.it\/photogallery_new\/images\/2016\/08\/caricamento-temporaneo-per-contributo-49km2g5cm1-354393.jpg 316w, https:\/\/www.ivg.it\/photogallery_new\/images\/2016\/08\/caricamento-temporaneo-per-contributo-49km2g5cm1-354393.jpg 150w\"  data-src=\"https:\/\/www.ivg.it\/photogallery_new\/images\/2016\/08\/caricamento-temporaneo-per-contributo-49km2g5cm1-354393.jpg\" alt=\"17 Agosto Saint-\u00c9tienne-de-Tin\u00e9e \u201cW.A. Mozart: il flauto magico\/strumentale\u201d Principato di Seborga Orchestra\" \/><\/picture>\r\n\n    <\/div>\n    <\/div>\n\n<p><strong>Albenga.<\/strong> Anche quest&#8217;anno l&#8217;Associazione &#8220;Vecchia Albenga&#8221; proporr\u00e0 il consueto concerto d&#8217;inizio anno: sabato 11 gennaio al Teatro Ambra l&#8217;Orchestra da Camera &#8220;Principato di Seborga&#8221; si esibir\u00e0 in un&#8217;<a href=\"http:\/\/www.ivg.it\/evento\/armonia-di-note-le-musiche-da-film-a-teatro-con-lorchestra-principato-di-seborga\/\">&#8220;Armonia di Note&#8221;<\/a>, un omaggio al regista e sceneggiatore Federico Fellini nel centenario dalla nascita.<\/p>\n<p>La formazione strumentistica eseguir\u00e0 le immortali colonne sonore composte da Rota, Morricone, Piovani, Cipriani, Williams, Gershwin, Joplin, Bakalov, Sakamoto, Kander e Piazzolla. Gli elementi sul palco saranno sette: pianoforte, clarinetto, fagotto alternato a chitarra, batteria, contrabbasso, marimba, arpa. L&#8217;orchestra sar\u00e0 diretta da Vitaliano Gallo.<\/p>\n<div class=\"single-img-content-container fullwidth-single shortcode standard\">\n    <div class=\"image_container\" style=\"text-align: center;\">\n        <picture class=\" lazyload\"><img loading=\"lazy\" class=\"lazy\" data-srcset=\"https:\/\/www.ivg.it\/photogallery_new\/images\/2018\/02\/oche-452367.jpg 1024w, https:\/\/www.ivg.it\/photogallery_new\/images\/2018\/02\/oche-452367.jpg 970w, https:\/\/www.ivg.it\/photogallery_new\/images\/2018\/02\/oche-452367.jpg 660w, https:\/\/www.ivg.it\/photogallery_new\/images\/2018\/02\/oche-452367.jpg 316w, https:\/\/www.ivg.it\/photogallery_new\/images\/2018\/02\/oche-452367.jpg 150w\"  data-src=\"https:\/\/www.ivg.it\/photogallery_new\/images\/2018\/02\/oche-452367.jpg\" alt=\"oche\" \/><\/picture>\r\n\n    <\/div>\n    <\/div>\n\n<p>Sabato 11 e domenica 12 gennaio nella Parrocchia San Giorgio si svolger\u00e0 la <a href=\"http:\/\/www.ivg.it\/evento\/xii-mostra-avicola-sociale\/\">XII Mostra Avicola Sociale<\/a> promossa da Liguria Avicola e dal Club Italiano della Cocincina e della Cocincina nana.<\/p>\n<p>Si tratta di una grande manifestazione sull&#8217;allevamento di piccoli animali domestici e della fattoria, al cui interno si svolgeranno due concorsi a giuria con la partecipazione degli allevatori iscritti all&#8217;associazione della Liguria e del Club Italiano della Cocincina. Saranno presenti circa 400 soggetti in esposizione nelle varie rassegne e concorsi regionali e nazionali. Da mezzogiorno le cucine del Michettin proporranno un men\u00f9 a tema per il pranzo.<\/p>\n<div class=\"single-img-content-container fullwidth-single shortcode standard\">\n    <div class=\"image_container\" style=\"text-align: center;\">\n        <picture class=\" lazyload\"><img loading=\"lazy\" class=\"lazy\" data-srcset=\"https:\/\/www.ivg.it\/photogallery_new\/images\/2018\/11\/antica-fornace-alba-docilia-510405.jpg 1024w, https:\/\/www.ivg.it\/photogallery_new\/images\/2018\/11\/antica-fornace-alba-docilia-510405.jpg 970w, https:\/\/www.ivg.it\/photogallery_new\/images\/2018\/11\/antica-fornace-alba-docilia-510405.jpg 660w, https:\/\/www.ivg.it\/photogallery_new\/images\/2018\/11\/antica-fornace-alba-docilia-510405.jpg 316w, https:\/\/www.ivg.it\/photogallery_new\/images\/2018\/11\/antica-fornace-alba-docilia-510405.jpg 150w\"  data-src=\"https:\/\/www.ivg.it\/photogallery_new\/images\/2018\/11\/antica-fornace-alba-docilia-510405.jpg\" alt=\"Antica Fornace Alba Docilia\" \/><\/picture>\r\n\n    <\/div>\n    <\/div>\n\n<p>Ultimi giorni di presepi! Nel centro storico di <strong>Albissola Marina<\/strong> fino a domenica 12 gennaio i protagonisti sono i ceramisti del territorio, ognuno chiamato a dare la propria interpretazione del tema della Nativit\u00e0.<\/p>\n<p>Alla mostra <a href=\"http:\/\/www.ivg.it\/evento\/i-presepi-dei-ceramisti-in-mostra-alla-fornace-alba-docilia\/\">&#8220;I presepi dei ceramisti&#8221;<\/a>, curata dall\u2019associazione Macachi Lab, aderisce una ventina di artisti e artigiani. Le loro opere si fondano sulle sensibilit\u00e0 personali, fuori dagli schemi dei Macachi, statuine che nascono da uno stampo, sono rifinite a mano e dopo una sola cottura dipinte a freddo con colori ricavati dalle &#8220;terre&#8221;.<\/p>\n<p>Uno spazio particolare \u00e8 dedicato ad un tradizionale presepe ligure allestito da Luciana Scarone (che espone anche la rielaborazione della fornace di monte Moro, sulla strada di Cadibona) e alle interpretazioni della Figurinaia a Pozzo Garitta, realizzate da partecipanti al corso presepi della Scuola Comunale di Ceramica di Albisola Superiore a settembre durante &#8220;Master Ceramist&#8221;, iniziativa di The Old School e &#8216;U Vascellu.<\/p>\n","protected":false},"excerpt":{"rendered":"<p>Il comico Antonio Ornano a Savona, letteratura e note in un live a Loano<\/p>\n","protected":false},"author":11510,"featured_media":0,"comment_status":"open","ping_status":"closed","sticky":false,"template":"","format":"standard","meta":{"footnotes":""},"categories":[45296,56],"tags":[78600,86137,89234,13606,14743,86172],"class_list":["post-487046","post","type-post","status-publish","format-standard","hentry","category-copertina","category-altre","tag-mostre-presepi","tag-palazzo-kursaal","tag-pomeriggi-musicali","tag-san-giorgio-albenga","tag-teatro-ambra","tag-teatro-sacco-savona","post_cat_citta-albenga","post_cat_citta-albissola-marina","post_cat_citta-finale-ligure","post_cat_citta-loano","post_cat_citta-savona","post_tag_personaggi-antonio-ornano"],"amp_validity":null,"amp_enabled":true,"_links":{"self":[{"href":"https:\/\/staging.ivg.it\/ediapi\/wp\/v2\/posts\/487046","targetHints":{"allow":["GET"]}}],"collection":[{"href":"https:\/\/staging.ivg.it\/ediapi\/wp\/v2\/posts"}],"about":[{"href":"https:\/\/staging.ivg.it\/ediapi\/wp\/v2\/types\/post"}],"author":[{"embeddable":true,"href":"https:\/\/staging.ivg.it\/ediapi\/wp\/v2\/users\/11510"}],"replies":[{"embeddable":true,"href":"https:\/\/staging.ivg.it\/ediapi\/wp\/v2\/comments?post=487046"}],"version-history":[{"count":0,"href":"https:\/\/staging.ivg.it\/ediapi\/wp\/v2\/posts\/487046\/revisions"}],"wp:attachment":[{"href":"https:\/\/staging.ivg.it\/ediapi\/wp\/v2\/media?parent=487046"}],"wp:term":[{"taxonomy":"category","embeddable":true,"href":"https:\/\/staging.ivg.it\/ediapi\/wp\/v2\/categories?post=487046"},{"taxonomy":"post_tag","embeddable":true,"href":"https:\/\/staging.ivg.it\/ediapi\/wp\/v2\/tags?post=487046"}],"curies":[{"name":"wp","href":"https:\/\/api.w.org\/{rel}","templated":true}]}}