{"id":486725,"date":"2020-01-06T11:48:13","date_gmt":"2020-01-06T10:48:13","guid":{"rendered":"http:\/\/www.ivg.it\/?p=486725"},"modified":"2020-01-06T12:28:40","modified_gmt":"2020-01-06T11:28:40","slug":"finale-ligure-251-temerari-per-il-cimento-della-befana","status":"publish","type":"post","link":"https:\/\/staging.ivg.it\/2020\/01\/finale-ligure-251-temerari-per-il-cimento-della-befana\/","title":{"rendered":"Finale Ligure: 251 temerari per il cimento della Befana"},"content":{"rendered":"<p><strong>Finale Ligure.<\/strong> Festa a Finale Ligure per il tradizionale cimento invernale della Befana che si \u00e8 svolto questa mattina presso la Spiaggia dei Neri.<\/p>\n<p>Sono stati 251 i temerari che si sono tuffati, in un clima quasi primaverile: temperatura dell&#8217;acqua di 14 gradi e quella dell&#8217;aria di 16 gradi. Folklore tipico dell&#8217;Epifania, con look dedicati al giorno della Befana. Come in altri cimenti recenti non \u00e8 mancata la ciumba con la bicicletta.<\/p>\n<p>Il tratto di litorale finalese \u00e8 stato preso d&#8217;assalto non solo dai numerosi partecipanti ma anche dai tanti turisti ancora presente per queste feste natalizie ormai giunte al termine.<\/p>\n<p>Dopo la ciumba spazio alle consuete premiazioni: i pi\u00f9 giovani sono stati Alessio Pascariello, classe 2016, e Linda Lorandi classe 2015. La pi\u00e0 anziana \u00e8 stata Elisabetta Costantini del 1936, mentre il pi\u00f9 anziano Arturo Annone, sempre del &#8217;36. Riconoscimenti anche per la &#8220;distanza&#8221;, infatti la pi\u00f9 lontana partecipante proveniva addirittura da Oviedo, in Spagna, Santina Bertoni, mentre il pi\u00f9 lontano Rodolphe Franz Pierre Isnard, dalla Svizzera.<\/p>\n<p>Novit\u00e0 rispetto alle altre ciumbe nei comuni della riviera \u00e8 stato il premio al gruppo pi\u00f9 numeroso: questa volta i Nuotatori del Tempo Avverso sono stati superati dal folto gruppo della palestra &#8220;Firpo&#8221; di Finale Ligure, protagonista di simpatici sketch poco prima del tuffo.<\/p>\n<p>Conclusione con musica, panettone e bevande calde per tutti i cimentisti finalesi di questa edizione.<\/p>\n","protected":false},"excerpt":{"rendered":"<p>Festa e folklore dell&#8217;Epifania per il tradizionale tuffo<\/p>\n","protected":false},"author":4,"featured_media":0,"comment_status":"open","ping_status":"closed","sticky":false,"template":"","format":"standard","meta":{"footnotes":""},"categories":[45296,56],"tags":[79867,99230,5431],"class_list":["post-486725","post","type-post","status-publish","format-standard","hentry","category-copertina","category-altre","tag-cimento-befana","tag-cimento-finale","tag-cimento-invernale","post_cat_citta-finale-ligure"],"amp_validity":null,"amp_enabled":true,"_links":{"self":[{"href":"https:\/\/staging.ivg.it\/ediapi\/wp\/v2\/posts\/486725","targetHints":{"allow":["GET"]}}],"collection":[{"href":"https:\/\/staging.ivg.it\/ediapi\/wp\/v2\/posts"}],"about":[{"href":"https:\/\/staging.ivg.it\/ediapi\/wp\/v2\/types\/post"}],"author":[{"embeddable":true,"href":"https:\/\/staging.ivg.it\/ediapi\/wp\/v2\/users\/4"}],"replies":[{"embeddable":true,"href":"https:\/\/staging.ivg.it\/ediapi\/wp\/v2\/comments?post=486725"}],"version-history":[{"count":0,"href":"https:\/\/staging.ivg.it\/ediapi\/wp\/v2\/posts\/486725\/revisions"}],"wp:attachment":[{"href":"https:\/\/staging.ivg.it\/ediapi\/wp\/v2\/media?parent=486725"}],"wp:term":[{"taxonomy":"category","embeddable":true,"href":"https:\/\/staging.ivg.it\/ediapi\/wp\/v2\/categories?post=486725"},{"taxonomy":"post_tag","embeddable":true,"href":"https:\/\/staging.ivg.it\/ediapi\/wp\/v2\/tags?post=486725"}],"curies":[{"name":"wp","href":"https:\/\/api.w.org\/{rel}","templated":true}]}}