{"id":486279,"date":"2019-12-30T14:30:38","date_gmt":"2019-12-30T13:30:38","guid":{"rendered":"http:\/\/www.ivg.it\/?p=486279"},"modified":"2019-12-30T14:30:38","modified_gmt":"2019-12-30T13:30:38","slug":"finale-lorchestra-bartolomeo-bruni-protagonista-del-concerto-di-inizio-anno","status":"publish","type":"post","link":"https:\/\/staging.ivg.it\/2019\/12\/finale-lorchestra-bartolomeo-bruni-protagonista-del-concerto-di-inizio-anno\/","title":{"rendered":"Finale, l&#8217;Orchestra Bartolomeo Bruni protagonista del concerto di inizio anno"},"content":{"rendered":"<p><strong>Finale Ligure<\/strong>. Ancora una volta \u00e8 Finalborgo ad aggiudicarsi il concerto di inizio anno, affidato all&#8217;<strong>Orchestra Bartolomeo Bruni<\/strong> che si esibir\u00e0 presso l&#8217;Auditorium di Santa Caterina mercoled\u00ec 1 gennaio, alle ore 11:00.<\/p>\n<p class=\"Standard\" style=\"text-align: justify; text-justify: inter-ideograph;\"><span style=\"font-size: 12.0pt;\">L&#8217;orchestra, intitolata al violinista e compositore cuneese <strong>Antonio Bartolomeo Bruni<\/strong>, \u00e8 stata fondata\u00a0 nel 1953 dal Maestro Giovanni Mosca. Nei suoi quasi sessant&#8217;anni di attivit\u00e0 l&#8217;Orchestra Bruni ha eseguito oltre 1.400 concerti. Il repertorio dell&#8217;Orchestra spazia dal Barocco al Novecento, dalla musica cameristica, sinfonica, operistica a quella moderna.\u00a0<\/span><span style=\"font-size: 12.0pt;\">Fiore all&#8217;occhiello dell&#8217;attivit\u00e0 concertistica \u00e8 da trentadue anni il celeberrimo Concerto di Ferragosto, trasmesso in diretta su tutto il territorio nazionale e in molti paesi esteri dalla Rai.<\/span><\/p>\n<p class=\"Standard\" style=\"text-align: justify; text-justify: inter-ideograph;\"><span style=\"font-size: 12.0pt;\">Il concerto avr\u00e0 in programma, come nelle precedenti edizioni, alcune tra le pi\u00f9 celebri pagine\u00a0 della musica classica e moderna. Verranno eseguite composizioni di Rossini, Strauss, Mozart, Lehar, ma anche brani\u00a0 resi\u00a0 celebri da Frank Sinatra, Liza Minnelli e Carosone, arrangiate per orchestra classica dal m<\/span><span style=\"font-size: 12.0pt;\">aestro Fiaschi. Le voci soliste che si esibiranno accompagnati dall\u2019orchestra Bruni, sono il Soprano Antonella Fontana e Il Baritono Bruno Pestarino,\u00a0 gi\u00e0 molto apprezzati in precedenti edizioni.<\/span><\/p>\n<p class=\"Standard\" style=\"text-align: justify; text-justify: inter-ideograph;\"><span style=\"font-size: 12.0pt;\">Come da anni alla direzione del concerto ci sar\u00e0 il maestro Maurizio Fiaschi. L&#8217;evento \u00e8 stato organizzato dal Comune di Finale Ligure e sar\u00e0 a ingresso gratuito.\u00a0<\/span><\/p>\n<p class=\"Standard\" style=\"text-align: justify; text-justify: inter-ideograph;\"><span style=\"font-size: 12.0pt;\">\u00a0<\/span><\/p>\n<p>&nbsp;<\/p>\n","protected":false},"excerpt":{"rendered":"<p>Appuntamento Mercoled\u00ec 1 Gennaio alle ore 11 presso l&#8217;Auditorium di Santa Caterina<\/p>\n","protected":false},"author":20094,"featured_media":0,"comment_status":"open","ping_status":"closed","sticky":false,"template":"","format":"standard","meta":{"footnotes":""},"categories":[56],"tags":[4683,16674],"class_list":["post-486279","post","type-post","status-publish","format-standard","hentry","category-altre","tag-capodanno","tag-san-silvestro","post_cat_citta-finale-ligure"],"amp_validity":null,"amp_enabled":true,"_links":{"self":[{"href":"https:\/\/staging.ivg.it\/ediapi\/wp\/v2\/posts\/486279","targetHints":{"allow":["GET"]}}],"collection":[{"href":"https:\/\/staging.ivg.it\/ediapi\/wp\/v2\/posts"}],"about":[{"href":"https:\/\/staging.ivg.it\/ediapi\/wp\/v2\/types\/post"}],"author":[{"embeddable":true,"href":"https:\/\/staging.ivg.it\/ediapi\/wp\/v2\/users\/20094"}],"replies":[{"embeddable":true,"href":"https:\/\/staging.ivg.it\/ediapi\/wp\/v2\/comments?post=486279"}],"version-history":[{"count":0,"href":"https:\/\/staging.ivg.it\/ediapi\/wp\/v2\/posts\/486279\/revisions"}],"wp:attachment":[{"href":"https:\/\/staging.ivg.it\/ediapi\/wp\/v2\/media?parent=486279"}],"wp:term":[{"taxonomy":"category","embeddable":true,"href":"https:\/\/staging.ivg.it\/ediapi\/wp\/v2\/categories?post=486279"},{"taxonomy":"post_tag","embeddable":true,"href":"https:\/\/staging.ivg.it\/ediapi\/wp\/v2\/tags?post=486279"}],"curies":[{"name":"wp","href":"https:\/\/api.w.org\/{rel}","templated":true}]}}