{"id":486217,"date":"2019-12-29T17:41:21","date_gmt":"2019-12-29T16:41:21","guid":{"rendered":"http:\/\/www.ivg.it\/?p=486217"},"modified":"2019-12-29T17:41:21","modified_gmt":"2019-12-29T16:41:21","slug":"doppio-annuncio-di-autostrade-a10-verso-la-normalizzazione-aumento-pedaggi-per-il-2020-sospeso","status":"publish","type":"post","link":"https:\/\/staging.ivg.it\/2019\/12\/doppio-annuncio-di-autostrade-a10-verso-la-normalizzazione-aumento-pedaggi-per-il-2020-sospeso\/","title":{"rendered":"Doppio annuncio di Autostrade: &#8220;A10 verso la normalizzazione, aumento pedaggi per il 2020 sospeso&#8221;"},"content":{"rendered":"<p><strong>Liguria.<\/strong> Sono in progressiva normalizzazione le condizioni di viabilit\u00e0 lungo la rete autostradale ligure gestita da Autostrade per l\u2019Italia. Lo afferma un comunicato stampa diramato dall&#8217;azienda.<\/p>\n<p>&#8220;Dopo la rimozione nelle prime ore della mattina della corsia in deviazione sulla carreggiata opposta tra Varazze e Arenzano, dovuta a uno smottamento in corrispondenza del km 22+600 &#8211; recita la nota &#8211; al momento il traffico transita su due corsie in direzione di Savona e su  una corsia in direzione Genova con possibilit\u00e0 di attivare una seconda corsia in caso di accodamenti&#8221;.<\/p>\n<p>&#8220;Nel tratto compreso tra Albisola e Savona, come conseguenza di un secondo smottamento in corrispondenza del km 39+700, rimossa la deviazione, al momento si registrano 8 km di coda in direzione di Savona e il traffico transita su una corsia per ciascun senso di marcia. In tale tratto, per evitare accodamenti, \u00e8 in fase di ultimazione la predisposizione di una seconda corsia in direzione di Savona &#8211; prevista per le ore 17 &#8211; e modulabile a seconda dei flussi prevalenti che porter\u00e0 ad una normalizzazione dei tempi di percorrenza gi\u00e0 nelle prossime ore&#8221;.<\/p>\n<p>&#8220;Il quadro della circolazione sulla rete ligure gestita da Autostrade per l\u2019Italia sar\u00e0 pi\u00f9 favorevole gi\u00e0 dalle prossime ore &#8211; promette Aspi &#8211; e per le settimane a venire in virt\u00f9 di un piano di cantierizzazioni &#8211; modulato  anche in coordinamento con la Regione Liguria &#8211; che prevede attivit\u00e0 svolte prevalentemente in orario serale  e notturno. In particolare, per quanto riguarda la messa in sicurezza delle barriere fonoassorbenti, i cantieri che maggiormente influiscono sulla fluidit\u00e0 della circolazione sono stati per la maggior parte rimossi &#8211; ad eccezione di quelli inamovibili&#8221;.<\/p>\n<p>Una seconda notizia arriva da fonti ministeriali, che citano una comunicazione tra il Mit e Aspi: &#8220;Autostrade per l\u2019Italia, dando riscontro alla richiesta avanzata dal Ministero delle Infrastrutture e Trasporti, ha comunicato al Mit di prorogare ulteriormente la sospensione su base volontaria dell\u2019incremento tariffario gi\u00e0 approvato relativo all\u2019anno 2019\u201d. L&#8217;obiettivo \u00e8 portare avanti un alleggerimento dei disagi patiti in queste settimane (anche se sarebbe da dire mesi) dai chi ha percorso le autostrade liguri.<\/p>\n<p>Nelle tre regioni interessate, Liguria, Marche e Abruzzo \u201csono stati assunti provvedimenti dall\u2019autorit\u00e0 giudiziaria &#8211; ricorda il ministero delle Infrastrutture &#8211; Sono state valutate tutte le opportune e necessarie misure al fine di garantire la sicurezza e la fruibilit\u00e0 delle autostrade attualmente interessate dalle restrizioni alla viabilit\u00e0. Sulla base di tali elementi e, all\u2019esito delle verifiche in corso, il Mit ha richiesto al concessionario l\u2019adozione di ogni misura utile al superamento delle criticit\u00e0\u201d.<\/p>\n","protected":false},"excerpt":{"rendered":"<p>In via di risoluzione gli smottamenti tra Arenzano e Savona, si dovrebbe ritornare lentamente alla normalit\u00e0<\/p>\n","protected":false},"author":10593,"featured_media":0,"comment_status":"open","ping_status":"closed","sticky":false,"template":"","format":"standard","meta":{"footnotes":""},"categories":[45296,34],"tags":[360,110888],"class_list":["post-486217","post","type-post","status-publish","format-standard","hentry","category-copertina","category-cronaca","tag-autostrade","tag-liguria-isolata"],"amp_validity":null,"amp_enabled":true,"_links":{"self":[{"href":"https:\/\/staging.ivg.it\/ediapi\/wp\/v2\/posts\/486217","targetHints":{"allow":["GET"]}}],"collection":[{"href":"https:\/\/staging.ivg.it\/ediapi\/wp\/v2\/posts"}],"about":[{"href":"https:\/\/staging.ivg.it\/ediapi\/wp\/v2\/types\/post"}],"author":[{"embeddable":true,"href":"https:\/\/staging.ivg.it\/ediapi\/wp\/v2\/users\/10593"}],"replies":[{"embeddable":true,"href":"https:\/\/staging.ivg.it\/ediapi\/wp\/v2\/comments?post=486217"}],"version-history":[{"count":0,"href":"https:\/\/staging.ivg.it\/ediapi\/wp\/v2\/posts\/486217\/revisions"}],"wp:attachment":[{"href":"https:\/\/staging.ivg.it\/ediapi\/wp\/v2\/media?parent=486217"}],"wp:term":[{"taxonomy":"category","embeddable":true,"href":"https:\/\/staging.ivg.it\/ediapi\/wp\/v2\/categories?post=486217"},{"taxonomy":"post_tag","embeddable":true,"href":"https:\/\/staging.ivg.it\/ediapi\/wp\/v2\/tags?post=486217"}],"curies":[{"name":"wp","href":"https:\/\/api.w.org\/{rel}","templated":true}]}}