{"id":486075,"date":"2019-12-27T16:50:38","date_gmt":"2019-12-27T15:50:38","guid":{"rendered":"http:\/\/www.ivg.it\/?p=486075"},"modified":"2019-12-30T16:06:03","modified_gmt":"2019-12-30T15:06:03","slug":"alassio-il-capodanno-si-festeggia-allinsegna-dei-fuochi-dartificio-del-midnight-show-e-della-movida","status":"publish","type":"post","link":"https:\/\/staging.ivg.it\/2019\/12\/alassio-il-capodanno-si-festeggia-allinsegna-dei-fuochi-dartificio-del-midnight-show-e-della-movida\/","title":{"rendered":"Alassio, il Capodanno si festeggia all&#8217;insegna dei fuochi d&#8217;artificio, del Midnight Show e della movida"},"content":{"rendered":"<p><strong>Alassio<\/strong>. Il Capodanno alassino si festeggia con\u00a0il <strong>Midnight Show<\/strong> e\u00a0con il nome di Nick The Nightfly, conosciuto nel panorama internazionale della musica.<\/p>\n<p>La serata di <strong>dj set<\/strong> prender\u00e0 il via alle 19, con tanta musica, ospiti e la spumeggiante conduzione di Marco Dottore, e vedr\u00e0 il gran finale con la voce di Montecarlo Nights e l&#8217;incendio del molo. In seguito, dopo la mezzanotte al via la programmazione della movida alassina fino all&#8217;alba del nuovo anno.<\/p>\n<p>&#8220;Il successo della serata organizzata lo scorso anno &#8211; spiega <strong>Massimo Parodi<\/strong>, presidente del consiglio con delega alle manifestazioni &#8211; \u00e8 stato per noi un chiaro segnale. <strong>Alassio aveva bisogno di un capodanno cos\u00ec<\/strong>: condiviso, coinvolgente, con tanta musica e, naturalmente, i fuochi d&#8217;artificio&#8221;.<\/p>\n<p>&#8220;Alassio ha bisogno di questo genere di eventi, che nascono dalla collaborazione tra i principali attori del territorio e promuovono un&#8217;immagine della citt\u00e0 viva, partecipata, animata con eventi di qualit\u00e0&#8221; prosegue Parodi.\u200b<\/p>\n<p>Nick The Nightfly, oltre essere la voce di Montecarlo Nights, \u00e8 il direttore artistico del Blu Note di Milano, dj, produttore, musicista e cantante: &#8220;Spesso canta in diretta con i suoi ospiti regalando agli ascoltatori le emozioni della musica dal vivo (ricordiamo i live con Micheal Bubl\u00e8, Pat Metheny, Giorgia, Carmen Consoli, Ludovico Einaudi&#8230;)&#8221;.<\/p>\n<p>&#8220;Nella Citt\u00e0 del Muretto lo abbiamo visto spesso negli ultimi tempi in occasione delle ultime edizioni di When We Were Kids, e le sue dichiarazioni ai media e dai microfoni di Radio Monte Carlo hanno sempre dipinto Alassio come una citt\u00e0 magica. Verr\u00e0 con il suo quintetto, una band di 5 elementi e Pat Rich, il dj che lo accompagna nelle sue Montecarlo Nights&#8221; informa l&#8217;organizzazione.<\/p>\n<p>&#8220;Ma non \u00e8 finita: accanto a Marco Dottore, vero e proprio regista della serata ci sar\u00e0 anche la cantante Lavinia Testa, splendida voce dalle sonorit\u00e0 soul che scalder\u00e0 l&#8217;atmosfera preparandola all&#8217;ingresso di Nick The Nightfly. Sul palco anche Beatrice Bertolino, vincitrice dell&#8217;ultima edizione di Miss Muretto, quella del 2012&#8221;.<\/p>\n<p>Il presidente Parodi conclude: &#8220;Sempre pi\u00f9 stiamo cercando di parlare e far parlare di Miss Muretto lo ha fatto di recente Simona Ventura che proprio con la fascia del prestigioso concorso alassino ha dato il via alla sua folgorante carriera, lo abbiamo fatto nel corso di eventi glamour con cui abbiamo animato il calendario alassino&#8230; chiss\u00e0 che il prossimo futuro non possa restituire alla citt\u00e0 un brend tanto amato&#8221;.<\/p>\n<p>&nbsp;<\/p>\n","protected":false},"excerpt":{"rendered":"<p>La serata prender\u00e0 il via alle 19<\/p>\n","protected":false},"author":18838,"featured_media":0,"comment_status":"open","ping_status":"closed","sticky":false,"template":"","format":"standard","meta":{"footnotes":""},"categories":[56],"tags":[109714,111439],"class_list":["post-486075","post","type-post","status-publish","format-standard","hentry","category-altre","tag-capodanno-2020","tag-midnight-show","post_cat_citta-alassio","post_tag_personaggi-massimo-parodi"],"amp_validity":null,"amp_enabled":true,"_links":{"self":[{"href":"https:\/\/staging.ivg.it\/ediapi\/wp\/v2\/posts\/486075","targetHints":{"allow":["GET"]}}],"collection":[{"href":"https:\/\/staging.ivg.it\/ediapi\/wp\/v2\/posts"}],"about":[{"href":"https:\/\/staging.ivg.it\/ediapi\/wp\/v2\/types\/post"}],"author":[{"embeddable":true,"href":"https:\/\/staging.ivg.it\/ediapi\/wp\/v2\/users\/18838"}],"replies":[{"embeddable":true,"href":"https:\/\/staging.ivg.it\/ediapi\/wp\/v2\/comments?post=486075"}],"version-history":[{"count":0,"href":"https:\/\/staging.ivg.it\/ediapi\/wp\/v2\/posts\/486075\/revisions"}],"wp:attachment":[{"href":"https:\/\/staging.ivg.it\/ediapi\/wp\/v2\/media?parent=486075"}],"wp:term":[{"taxonomy":"category","embeddable":true,"href":"https:\/\/staging.ivg.it\/ediapi\/wp\/v2\/categories?post=486075"},{"taxonomy":"post_tag","embeddable":true,"href":"https:\/\/staging.ivg.it\/ediapi\/wp\/v2\/tags?post=486075"}],"curies":[{"name":"wp","href":"https:\/\/api.w.org\/{rel}","templated":true}]}}