{"id":485840,"date":"2019-12-23T15:39:51","date_gmt":"2019-12-23T14:39:51","guid":{"rendered":"http:\/\/www.ivg.it\/?p=485840"},"modified":"2019-12-23T18:08:20","modified_gmt":"2019-12-23T17:08:20","slug":"piaggio-firmato-il-contratto-per-nove-p180-i-sindacati-notizia-positiva","status":"publish","type":"post","link":"https:\/\/staging.ivg.it\/2019\/12\/piaggio-firmato-il-contratto-per-nove-p180-i-sindacati-notizia-positiva\/","title":{"rendered":"Piaggio, firmato il contratto per nove P180 e l&#8217;ammodernamento della flotta delle forze armate: accordo da 196 milioni"},"content":{"rendered":"<p><strong>Villanova d&#8217;Albenga<\/strong>. Ad appena cinque giorni di distanza dalla firma di un accordo sui motori dell\u2019elicottero Chinook dal valore di 50 milioni di euro, arriva per Piaggio Aerospace un nuovo contratto con il ministero della difesa, il cui valore complessivo sfiora i 200 milioni di euro. E\u2019 stato infatti formalizzato oggi l\u2019atteso ordine relativo sia all\u2019acquisto di nuovi velivoli P.180 Avanti Evo sia all\u2019ammodernamento di parte della flotta gi\u00e0 in dotazione alle forze armate.<\/p>\n<div class=\"single-img-content-container fullwidth-single shortcode standard\">\n    <div class=\"image_container\" style=\"text-align: center;\">\n        <picture class=\" lazyload\"><img loading=\"lazy\" class=\"lazy\" data-srcset=\"https:\/\/www.ivg.it\/photogallery_new\/images\/2019\/12\/generica-602985.jpg 1024w, https:\/\/www.ivg.it\/photogallery_new\/images\/2019\/12\/generica-602985.jpg 970w, https:\/\/www.ivg.it\/photogallery_new\/images\/2019\/12\/generica-602985.jpg 660w, https:\/\/www.ivg.it\/photogallery_new\/images\/2019\/12\/generica-602985.jpg 316w, https:\/\/www.ivg.it\/photogallery_new\/images\/2019\/12\/generica-602985.jpg 150w\"  data-src=\"https:\/\/www.ivg.it\/photogallery_new\/images\/2019\/12\/generica-602985.jpg\" alt=\"Accordo Piaggio Governo P180\" \/><\/picture>\r\n\n    <\/div>\n    <\/div>\n\n<p>L\u2019intesa, sottoscritta dalla Direzione degli Armamenti Aeronautici e per l\u2019Aeronavigabilit\u00e0 e dal commissario straordinario di Piaggio Aerospace Vincenzo Nicastro, prevede innanzitutto che l\u2019azienda ligure produca e consegni, in un arco temporale di 4 anni, 5 aerei in configurazione trasporto persone e aeroambulanza e 4 velivoli destinati alle radiomisure. Con il medesimo contratto, Piaggio Aerospace si impegna anche ad ammodernare un primo P.180 gi\u00e0 in dotazione alle forze armate. Il valore di tali attivit\u00e0 \u00e8 pari a 130 milioni.<\/p>\n<p>Il contratto prevede inoltre la finalizzazione di un ulteriore incarico \u2013 entro 24 mesi dalla stipula \u2013per l\u2019ammodernamento di 18 altri velivoli attualmente nelle disponibilit\u00e0 di carabinieri, esercito, marina e la stessa aeronautica militare: questo garantir\u00e0 al produttore 66 milioni di fatturato aggiuntivi, portando cos\u00ec il valore totale della commessa a 196 milioni di euro.<\/p>\n<div class=\"single-img-content-container fullwidth-single shortcode standard\">\n    <div class=\"image_container\" style=\"text-align: center;\">\n        <picture class=\" lazyload\"><img loading=\"lazy\" class=\"lazy\" data-srcset=\"https:\/\/www.ivg.it\/photogallery_new\/images\/2019\/12\/generica-602984.jpg 1024w, https:\/\/www.ivg.it\/photogallery_new\/images\/2019\/12\/generica-602984.jpg 970w, https:\/\/www.ivg.it\/photogallery_new\/images\/2019\/12\/generica-602984.jpg 660w, https:\/\/www.ivg.it\/photogallery_new\/images\/2019\/12\/generica-602984.jpg 316w, https:\/\/www.ivg.it\/photogallery_new\/images\/2019\/12\/generica-602984.jpg 150w\"  data-src=\"https:\/\/www.ivg.it\/photogallery_new\/images\/2019\/12\/generica-602984.jpg\" alt=\"Accordo Piaggio Governo P180\" \/><\/picture>\r\n\n    <\/div>\n    <\/div>\n\n<p>\u201cAbbiamo raggiunto un importante obiettivo con la firma di oggi che \u00e8 espressione di una comune e solida volont\u00e0 del governo di trovare soluzioni adeguate per la difesa e per le nostre aziende. Ringrazio anche il ministro Patuanelli con il quale abbiamo lavorato molto, e bene, per questo risultato\u201d ha dichiarato il ministro della difesa Lorenzo Guerini.<\/p>\n<p>\u201cL\u2019ordine perfezionato oggi, ad appena un anno dall\u2019avvio dell\u2019amministrazione straordinaria, \u00e8 il risultato straordinario dello sforzo congiunto e generoso di tutte le parti coinvolte: governo, forze armate e istituzioni locali &#8211; ha dichiarato Nicastro &#8211; Questa commessa rappresenta infatti per Piaggio Aerospace un vero punto di svolta, mentre con la ripresa della produzione velivoli potremo reintegrare progressivamente i lavoratori in cassa integrazione. Ma non ci fermeremo qui e continueremo a lavorare con energia anche sul fronte dei privati, con l\u2019obiettivo di finalizzare nuovi, significativi ordini. Nel frattempo &#8211; ha concluso il commissario &#8211; siamo quasi pronti a lanciare il bando pubblico per la vendita degli asset della societ\u00e0, che contiamo di pubblicare alla ripresa delle attivit\u00e0 dopo la pausa natalizia\u201d.<\/p>\n<div class=\"single-img-content-container fullwidth-single shortcode standard\">\n    <div class=\"image_container\" style=\"text-align: center;\">\n        <picture class=\" lazyload\"><img loading=\"lazy\" class=\"lazy\" data-srcset=\"https:\/\/www.ivg.it\/photogallery_new\/images\/2019\/12\/generica-602986.jpg 1024w, https:\/\/www.ivg.it\/photogallery_new\/images\/2019\/12\/generica-602986.jpg 970w, https:\/\/www.ivg.it\/photogallery_new\/images\/2019\/12\/generica-602986.jpg 660w, https:\/\/www.ivg.it\/photogallery_new\/images\/2019\/12\/generica-602986.jpg 316w, https:\/\/www.ivg.it\/photogallery_new\/images\/2019\/12\/generica-602986.jpg 150w\"  data-src=\"https:\/\/www.ivg.it\/photogallery_new\/images\/2019\/12\/generica-602986.jpg\" alt=\"Accordo Piaggio Governo P180\" \/><\/picture>\r\n\n    <\/div>\n    <\/div>\n\n<p>&#8220;Molto importante la firma di oggi pomeriggio. Attendiamo da tanto tempo, troppo. Ora \u00e8 necessario che l&#8217;azienda faccia rientrare i lavoratori dalla cassa integrazione per preparare al meglio la produzione e soprattutto iniziare ad avviare tutta la filiera compresa LaerH&#8221;\u00a0commenta il segretario provinciale della Cgil savonese Andrea Pasa. <\/p>\n<p>Secondo Alessandro Vella, segretario generale Fim Cisl Liguria, si tratta di \u201cuna notizia pi\u00f9 che positiva per i dipendenti della Piaggio Aero e Laerh.\u00a0Attualmente gli occupati complessivi di Piaggio Aero sono 994 (e 21 di Piaggio Aviation) di cui 429 toccati dalla cassa integrazione (dei quali 380 a Villanova 49 a Genova) che con questa commessa potranno guardare al futuro con un pi\u00f9 di serenit\u00e0\u201d.<\/p>\n<p>\u201cLa sottoscrizione dei contratti \u00e8 elemento centrale perch\u00e9 il rientro dalla Cigs \u00e8 direttamente legato allo sviluppo operativo dei contratti \u2013 nota Vella \u2013 Ora concentreremo l\u2019attenzione sui tempi dei prossimi contratti di ammodernamento degli altri 18 aerei (dei quali undici per l&#8217;aeronautica, tre per l&#8217;esercito, due per la marina e due per i carabinieri) e sul bando di vendita che con questo portafoglio ordini porr\u00e0 condizioni pi\u00f9 favorevoli per una condizione di vendita pi\u00f9 appetibile sul mercato e come ribadito pi\u00f9 volte senza nessuno spacchettamento\u201d conclude l&#8217;esponente sindacale.<\/p>\n","protected":false},"excerpt":{"rendered":"<p>Nicastro: &#8220;Risultato straordinario dello sforzo congiunto e generoso di tutte le parti coinvolte: governo, forze armate e istituzioni locali&#8221;<\/p>\n","protected":false},"author":12120,"featured_media":0,"comment_status":"open","ping_status":"closed","sticky":false,"template":"","format":"standard","meta":{"footnotes":""},"categories":[45296,35,31],"tags":[4897,89022,6413,63958,6307,58854],"class_list":["post-485840","post","type-post","status-publish","format-standard","hentry","category-copertina","category-economia","category-politica","tag-fim-cisl","tag-gruppo-pd-regione","tag-p180","tag-pd-ligure","tag-piaggio-aero","tag-piaggio-aerospace","post_cat_citta-villanova-dalbenga","post_tag_personaggi-alessandro-vella","post_tag_personaggi-andrea-pasa"],"amp_validity":null,"amp_enabled":true,"_links":{"self":[{"href":"https:\/\/staging.ivg.it\/ediapi\/wp\/v2\/posts\/485840","targetHints":{"allow":["GET"]}}],"collection":[{"href":"https:\/\/staging.ivg.it\/ediapi\/wp\/v2\/posts"}],"about":[{"href":"https:\/\/staging.ivg.it\/ediapi\/wp\/v2\/types\/post"}],"author":[{"embeddable":true,"href":"https:\/\/staging.ivg.it\/ediapi\/wp\/v2\/users\/12120"}],"replies":[{"embeddable":true,"href":"https:\/\/staging.ivg.it\/ediapi\/wp\/v2\/comments?post=485840"}],"version-history":[{"count":0,"href":"https:\/\/staging.ivg.it\/ediapi\/wp\/v2\/posts\/485840\/revisions"}],"wp:attachment":[{"href":"https:\/\/staging.ivg.it\/ediapi\/wp\/v2\/media?parent=485840"}],"wp:term":[{"taxonomy":"category","embeddable":true,"href":"https:\/\/staging.ivg.it\/ediapi\/wp\/v2\/categories?post=485840"},{"taxonomy":"post_tag","embeddable":true,"href":"https:\/\/staging.ivg.it\/ediapi\/wp\/v2\/tags?post=485840"}],"curies":[{"name":"wp","href":"https:\/\/api.w.org\/{rel}","templated":true}]}}