{"id":485774,"date":"2019-12-22T19:01:42","date_gmt":"2019-12-22T18:01:42","guid":{"rendered":"http:\/\/www.ivg.it\/?p=485774"},"modified":"2019-12-22T19:11:28","modified_gmt":"2019-12-22T18:11:28","slug":"maltempo-toti-sale-ancora-la-conta-dei-danni-tavolo-urgente-con-il-governo","status":"publish","type":"post","link":"https:\/\/staging.ivg.it\/2019\/12\/maltempo-toti-sale-ancora-la-conta-dei-danni-tavolo-urgente-con-il-governo\/","title":{"rendered":"Maltempo, Toti: &#8220;Sale ancora la conta dei danni, tavolo urgente con il Governo&#8221;"},"content":{"rendered":"<p><strong>Liguria.<\/strong> &#8220;L&#8217;allerta rossa ha colpito tutta la regione: da ponente a levante sono moltissimi i fronti aperti e, di conseguenza, aumenta il conto delle somme urgenze sulle quali i sindaci dovranno fare affidamento per rimediare a situazioni di disagio anche grave: sfollati, aziende che devono tornare a lavorare nel pi\u00f9 breve tempo possibile. Lo stato di emergenza \u00e8 gi\u00e0 stato esteso al ponente, quindi i sindaci possono procedere con le richieste&#8221;.<\/p>\n<p>Lo ha detto il presidente Giovanni Toti.<\/p>\n<p>&#8220;Proprio in queste ore &#8211; ha proseguito &#8211; stiamo aggiornando con il Dipartimento nazionale di Protezione civile il conto dei danni complessivi: eravamo gi\u00e0 oltre i 500 milioni, saliremo ancora. Stiamo arrivando a cifre davvero imponenti. Per questo continuo a chiedere un tavolo Liguria: abbiamo bisogno non solamente di rimediare ai guasti di questo autunno che ci ha visto diramare 30 allerte (mai successo), ma occorre cominciare anche a prevenire, oltre a inseguire i danni da maltempo&#8221;.<\/p>\n<p>Per il savonese si dovr\u00e0 intervenire con altre somme urgenze sulle strade provinciali danneggiate ancora da frane e smottamenti, senza contare i danni provocati dalle mareggiate come a Varigotti o Alassio.<\/p>\n<p>Anche per la difesa della costa alla Regione si chiederanno risorse e interventi strutturali.<\/p>\n","protected":false},"excerpt":{"rendered":"<p>Il governatore ligure: &#8220;30 allerte meteo in autunno, mai successo&#8230;&#8221;<\/p>\n","protected":false},"author":4,"featured_media":0,"comment_status":"open","ping_status":"closed","sticky":false,"template":"","format":"standard","meta":{"footnotes":""},"categories":[34,31],"tags":[111341,111391,5390,3289,295],"class_list":["post-485774","post","type-post","status-publish","format-standard","hentry","category-cronaca","category-politica","tag-allerta-rossa-20-dicembre-2019","tag-danni-mareggiate","tag-frane","tag-mareggiata","tag-regione","post_tag_personaggi-giovanni-toti"],"amp_validity":null,"amp_enabled":true,"_links":{"self":[{"href":"https:\/\/staging.ivg.it\/ediapi\/wp\/v2\/posts\/485774","targetHints":{"allow":["GET"]}}],"collection":[{"href":"https:\/\/staging.ivg.it\/ediapi\/wp\/v2\/posts"}],"about":[{"href":"https:\/\/staging.ivg.it\/ediapi\/wp\/v2\/types\/post"}],"author":[{"embeddable":true,"href":"https:\/\/staging.ivg.it\/ediapi\/wp\/v2\/users\/4"}],"replies":[{"embeddable":true,"href":"https:\/\/staging.ivg.it\/ediapi\/wp\/v2\/comments?post=485774"}],"version-history":[{"count":0,"href":"https:\/\/staging.ivg.it\/ediapi\/wp\/v2\/posts\/485774\/revisions"}],"wp:attachment":[{"href":"https:\/\/staging.ivg.it\/ediapi\/wp\/v2\/media?parent=485774"}],"wp:term":[{"taxonomy":"category","embeddable":true,"href":"https:\/\/staging.ivg.it\/ediapi\/wp\/v2\/categories?post=485774"},{"taxonomy":"post_tag","embeddable":true,"href":"https:\/\/staging.ivg.it\/ediapi\/wp\/v2\/tags?post=485774"}],"curies":[{"name":"wp","href":"https:\/\/api.w.org\/{rel}","templated":true}]}}