{"id":485606,"date":"2019-12-20T14:04:48","date_gmt":"2019-12-20T13:04:48","guid":{"rendered":"http:\/\/www.ivg.it\/?p=485606"},"modified":"2019-12-20T14:04:48","modified_gmt":"2019-12-20T13:04:48","slug":"ospedale-di-albenga-al-galeazzi-distilo-duro-la-politica-ha-perso","status":"publish","type":"post","link":"https:\/\/staging.ivg.it\/2019\/12\/ospedale-di-albenga-al-galeazzi-distilo-duro-la-politica-ha-perso\/","title":{"rendered":"Ospedale di Albenga al Galeazzi, Distilo duro: &#8220;La politica ha perso&#8221;"},"content":{"rendered":"<p><strong>Albenga.<\/strong> &#8220;La Politica ha perso con l\u2019affidamento definitivo degli ospedali Albenga e Cairo ai privati.\u00a0Hanno vinto invece quei politici eletti in Regione, nelle Provincie e nei Comuni che in questi anni hanno solo pensato a slogan e mai a come difendere realmente la sanit\u00e0 pubblica&#8221;.<\/p>\n<p>\u00c8 questa la posizione del presidente del consiglio comunale di Albenga Diego Distilo in merito all&#8217;affidamento della gestione dell&#8217;ospedale Santa Maria di Misericordia all&#8217;istituto Galeazzi.<\/p>\n<p>&#8220;Ad Albenga, ha proseguito Distilo, &#8211; si rivolteranno nelle tombe le persone che negli anni hanno lasciato beni e denari per avere un ospedale pubblico.\u00a0\u00c8 stata usata la sanit\u00e0 &#8216;sistema&#8217; da personaggi \u00a0politici, &#8216;vicini&#8217;, a capo di societ\u00e0 \u00a0che gestiscono la sanit\u00e0 privata, magari garantendo la maggioranza nei consigli Regionali&#8221;.<\/p>\n<p>&#8220;Come far\u00e0 il governatore Toti a tutelare la sanit\u00e0 pubblica vigilando per far rispettare i contratti di gestione degli ospedali Cairo ed Albenga \u00a0quando davanti avr\u00e0 un personaggio politico con il quale deve condividere la campagna elettorale?&#8221;.<\/p>\n<p>&#8220;Ne vedremo delle belle se si pensa che ora il privato potr\u00e0 coinvolgere altri centri e societ\u00e0 private che si occupano di sanit\u00e0. Chiss\u00e0 quali saranno \u00a0gli altri politici coinvolti casualmente?&#8221;.<\/p>\n<p>&#8220;Ora il nostro compito sar\u00e0 quello di vigilare, di sperare , di combattere affinch\u00e9 i servizi essenziali vengano ripristinati e mantenuti.\u00a0Nella strategia politica regionale per\u00f2, non capisco una cosa: perch\u00e9 alcune gestioni dei grandi temi vogliono renderle pubbliche mentre altre private?&#8221;.<\/p>\n<p>&#8220;\u00c8 proprio vero &#8216;Ognuno vede quello che vuole vedere, ognuno crede a quello in cui vuol credere, indipendentemente dalla verit\u00e0'&#8221;, ha concluso.<\/p>\n","protected":false},"excerpt":{"rendered":"<p>&#8220;Si rivolteranno nelle tombe le persone che negli anni hanno lasciato beni e denari per avere un ospedale pubblico&#8221;<\/p>\n","protected":false},"author":18599,"featured_media":0,"comment_status":"open","ping_status":"closed","sticky":false,"template":"","format":"standard","meta":{"footnotes":""},"categories":[35,31],"tags":[17440,92092],"class_list":["post-485606","post","type-post","status-publish","format-standard","hentry","category-economia","category-politica","tag-ospedale-di-albenga","tag-privatizzazione-ospedali","post_cat_citta-albenga","post_tag_personaggi-diego-distilo"],"amp_validity":null,"amp_enabled":true,"_links":{"self":[{"href":"https:\/\/staging.ivg.it\/ediapi\/wp\/v2\/posts\/485606","targetHints":{"allow":["GET"]}}],"collection":[{"href":"https:\/\/staging.ivg.it\/ediapi\/wp\/v2\/posts"}],"about":[{"href":"https:\/\/staging.ivg.it\/ediapi\/wp\/v2\/types\/post"}],"author":[{"embeddable":true,"href":"https:\/\/staging.ivg.it\/ediapi\/wp\/v2\/users\/18599"}],"replies":[{"embeddable":true,"href":"https:\/\/staging.ivg.it\/ediapi\/wp\/v2\/comments?post=485606"}],"version-history":[{"count":0,"href":"https:\/\/staging.ivg.it\/ediapi\/wp\/v2\/posts\/485606\/revisions"}],"wp:attachment":[{"href":"https:\/\/staging.ivg.it\/ediapi\/wp\/v2\/media?parent=485606"}],"wp:term":[{"taxonomy":"category","embeddable":true,"href":"https:\/\/staging.ivg.it\/ediapi\/wp\/v2\/categories?post=485606"},{"taxonomy":"post_tag","embeddable":true,"href":"https:\/\/staging.ivg.it\/ediapi\/wp\/v2\/tags?post=485606"}],"curies":[{"name":"wp","href":"https:\/\/api.w.org\/{rel}","templated":true}]}}