{"id":48556,"date":"2009-01-30T16:18:00","date_gmt":"2009-01-30T15:18:00","guid":{"rendered":"http:\/\/www.ivg.it\/2009\/01\/30\/upa-nomina-di-scrivano-gli-albergatori-di-varazze-sbattono-la-porta\/"},"modified":"2009-01-31T10:10:41","modified_gmt":"2009-01-31T09:10:41","slug":"upa-nomina-di-scrivano-gli-albergatori-di-varazze-sbattono-la-porta","status":"publish","type":"post","link":"https:\/\/staging.ivg.it\/2009\/01\/upa-nomina-di-scrivano-gli-albergatori-di-varazze-sbattono-la-porta\/","title":{"rendered":"UPA, nomina di Scrivano: gli albergatori di Varazze sbattono la porta"},"content":{"rendered":"<p>[thumb:10419:l]<strong>Provincia<\/strong>. Si addensano le prime nubi sulla nomina di Carlo Scrivano alla direzione dell&#8217;Unione Provinciale Albergatori. Un segno forte di dissenso, con la fuoriuscita dal sodalizio associativo, \u00e8 stato espresso dagli albergatori varazzini. Nel corso di un direttivo straordinario svoltosi a Varazze, gli operatori del settore, presiduti da Andrea Bruzzone dell&#8217;hotel Villa Centa, hanno deliberato all&#8217;unanimit\u00e0 l&#8217;uscita dall&#8217;organismo provinciale.<\/p>\n<p>Cos\u00ec Bruzzone ha motivato la scelta: &#8220;Da oltre un anno siamo critici verso l&#8217;operato del direttivo UPA. Avremmo voluto un&#8217;opposizione pi\u00f9 radicale e decisa contro le recenti leggi regionali sulla riclassificazione alberghiera, ma cos\u00ec non \u00e8 stato. Si \u00e8 cercato di discutere intorno al tavolo di un ristorante, anzich\u00e9 a Genova. La nomina di Carlo Scrivano \u00e8 la goccia che ha fatto traboccare il vaso&#8221;.<\/p>\n<p>Poi, sempre da parte di Bruzzone, l&#8217;affondo: &#8220;L&#8217;Unione Provinciale Albergatori si \u00e8 trasformata in una fabbrica di poltrone. S\u00ec, certo,  abbiamo l&#8217;ottica degli industriali, ma non quella dei mobilieri. E&#8217; una nomina politica che contrasta qualunque buon senso sindacale. Abbiamo rispetto nella persona di Carlo Scrivano, ma lui non c&#8217;entra nulla con l&#8217;UPA. E dispiace vedere solo adesso che l&#8217;Unione Industriale, di cui facciamo parte da anni, si rende conto troppo tardi che gli hotel sono delle piccole industrie&#8221;.<\/p>\n<p>Nessun margine di trattativa per l&#8217;Associazione Varazzina Albergatori, che fra l&#8217;altro ha disertato la giunta con cui l&#8217;UPA ha proceduto alla nomina del direttore. La scelta ricaduta sull&#8217;ex assessore provinciale al turismo viene avvertita come il fatto terminale di manovre &#8220;troppo politicizzate&#8221;. &#8220;Riteniamo chiusa la questione &#8211; afferma Bruzzone &#8211; Lo diciamo per il rispetto che abbiamo nei confronti dei nostri 80 associati, che vogliono il bene del turismo e non sono interessati a questioni meramente politiche&#8221;. La defezione dei varazzini comporter\u00e0 per l&#8217;Unione Provinciale, fra l&#8217;altro, la perdita di circa 10 mila euro di quote in entrata ogni anno.<\/p>\n<p>&#8220;Adesso vedremo quale sar\u00e0 la prospettiva per la nostra associazione: proseguire da sola oppure aderire all&#8217;Unione Albergatori di Genova. Certo \u00e8 che da sempre che gli albergatori di Varazze hanno sempre creduto nello spirito associativo; insieme a bagni marini e commercianti siamo da anni uniti intorno alla promozione della nostra citt\u00e0 e fino a ieri abbiamo agito con coerenza all&#8217;interno dell&#8217;UPA, dove non abbiamo mai fatto mancare il nostro apporto&#8221; conclude Andrea Bruzzone.<\/p>\n","protected":false},"excerpt":{"rendered":"<p>[thumb:10419:l]Provincia. Si addensano le prime nubi sulla nomina di Carlo Scrivano alla direzione dell&#8217;Unione Provinciale Albergatori. Un segno forte di dissenso, con la fuoriuscita dal sodalizio associativo, \u00e8 stato espresso dagli albergatori varazzini. Nel corso di un direttivo straordinario svoltosi a Varazze, gli operatori del settore, presiduti da Andrea Bruzzone dell&#8217;hotel Villa Centa, hanno deliberato [&hellip;]<\/p>\n","protected":false},"author":5,"featured_media":0,"comment_status":"open","ping_status":"closed","sticky":false,"template":"","format":"standard","meta":{"footnotes":""},"categories":[35],"tags":[466,625,2414,1493,107,6165,6191],"class_list":["post-48556","post","type-post","status-publish","format-standard","hentry","category-economia","tag-albergatori","tag-alberghi","tag-associazione-albergatori","tag-carlo-scrivano","tag-turismo","tag-unione-provinciale-albergatori","tag-upa","post_cat_citta-andora","post_cat_citta-varazze"],"amp_validity":null,"amp_enabled":true,"_links":{"self":[{"href":"https:\/\/staging.ivg.it\/ediapi\/wp\/v2\/posts\/48556","targetHints":{"allow":["GET"]}}],"collection":[{"href":"https:\/\/staging.ivg.it\/ediapi\/wp\/v2\/posts"}],"about":[{"href":"https:\/\/staging.ivg.it\/ediapi\/wp\/v2\/types\/post"}],"author":[{"embeddable":true,"href":"https:\/\/staging.ivg.it\/ediapi\/wp\/v2\/users\/5"}],"replies":[{"embeddable":true,"href":"https:\/\/staging.ivg.it\/ediapi\/wp\/v2\/comments?post=48556"}],"version-history":[{"count":0,"href":"https:\/\/staging.ivg.it\/ediapi\/wp\/v2\/posts\/48556\/revisions"}],"wp:attachment":[{"href":"https:\/\/staging.ivg.it\/ediapi\/wp\/v2\/media?parent=48556"}],"wp:term":[{"taxonomy":"category","embeddable":true,"href":"https:\/\/staging.ivg.it\/ediapi\/wp\/v2\/categories?post=48556"},{"taxonomy":"post_tag","embeddable":true,"href":"https:\/\/staging.ivg.it\/ediapi\/wp\/v2\/tags?post=48556"}],"curies":[{"name":"wp","href":"https:\/\/api.w.org\/{rel}","templated":true}]}}