{"id":485550,"date":"2019-12-20T09:32:51","date_gmt":"2019-12-20T08:32:51","guid":{"rendered":"http:\/\/www.ivg.it\/?p=485550"},"modified":"2019-12-20T09:32:51","modified_gmt":"2019-12-20T08:32:51","slug":"impianti-sportivi-durante-lallerta-savona-cambia-ancora-si-agli-allenamenti-no-alle-manifestazioni","status":"publish","type":"post","link":"https:\/\/staging.ivg.it\/2019\/12\/impianti-sportivi-durante-lallerta-savona-cambia-ancora-si-agli-allenamenti-no-alle-manifestazioni\/","title":{"rendered":"Impianti sportivi durante l&#8217;allerta, Savona cambia ancora: s\u00ec agli allenamenti, no alle manifestazioni"},"content":{"rendered":"<p><strong>Savona.<\/strong> Cambia ancora a Savona la gestione degli impianti sportivi durante l&#8217;allerta meteo rossa o arancione. L&#8217;ordinanza di ieri, infatti, contiene alcune novit\u00e0 che vanno nuovamente a modificare lo scenario su aperture e chiusure. A partire da questa allerta <strong>gli impianti sportivi<\/strong> (sia pubblici che privati) <strong>non chiuderanno pi\u00f9, ma verr\u00e0 interdetto unicamente lo svolgersi di eventi, manifestazioni e competizioni.<\/strong><\/p>\n<p>L&#8217;ordinanza emanata ieri dal Comune modifica nuovamente gli scenari per quanto riguarda le strutture sportive. Un primo cambiamento c&#8217;era gi\u00e0 stato in occasione della &#8220;famigerata&#8221; allerta del <strong>23 novembre<\/strong>: fino ad allora, infatti, le ordinanze imponevano la chiusura indiscriminata di tutte le attivit\u00e0 sportive pubbliche e private. Uno scenario che danneggiava le societ\u00e0 sportive e realt\u00e0 private (quali palestre e scuole di danza) sfociando in qualche caso addirittura nel paradosso (con casi limite come strutture situate al primo piano che chiudevano quando al piano di sotto realt\u00e0 commerciali restavano regolarmente aperte).<\/p>\n<p>E cos\u00ec, complici forse qualche polemica o magari il desiderio di non danneggiare ulteriormente tali realt\u00e0, il 23 novembre l&#8217;ordinanza era cambiata eliminando la dicitura &#8220;privati&#8221; dall&#8217;ordinanza. Anche questa soluzione, per\u00f2, aveva delle lacune: la chiusura indiscriminata delle strutture pubbliche penalizzava le societ\u00e0 sportive che le utilizzano (pensiamo alla Rari Nantes o alle squadre di calcio), mentre l&#8217;apertura di quelle private poneva di fronte a una disparit\u00e0 di trattamento non sempre giustificata.<\/p>\n<p>E cos\u00ec, l&#8217;assessore alla Protezione Civile <strong>Maurizio Scaramuzza<\/strong> e il comandante della polizia municipale <strong>Igor Aloi<\/strong> hanno lavorato per modificare ancora una volta il provvedimento. Che, da questa volta, <strong>non distingue pi\u00f9 tra strutture pubbliche e private ponendo invece l&#8217;accento sulla quantit\u00e0 di persone attese.<\/strong> Prevede, infatti, &#8220;<i>l&#8217;interdizione dell&#8217;utilizzo delle strutture pubbliche,\u00a0nonch\u00e9 di quelle private quali: piscine, palestre, campi sportivi, teatri, biblioteche, qualora le stesse operino in condizioni di elevata partecipazione di persone, cio\u00e8 in occasione di manifestazioni di rilievo, gare ed eventi pubblici<\/i>&#8220;.<\/p>\n<p>Tradotto, <strong>si potranno effettuare normalmente le attivit\u00e0 quotidiane<\/strong> (la piscina rester\u00e0 aperta agli utenti, le societ\u00e0 potranno svolgere gli allenamenti) <strong>mentre &#8220;salteranno&#8221; gare, partite e manifestazioni che comporterebbero l&#8217;afflusso di pubblico.<\/strong> &#8220;Io e Aloi ci siamo spesi per questa soluzione &#8211; racconta Scaramuzza &#8211; perch\u00e9 ci sembrava la migliore per non penalizzare pi\u00f9 le societ\u00e0 che utilizzano strutture pubbliche e che, in qualche caso, facevano veramente fatica ad andare avanti a causa delle chiusure imposte&#8221;.<\/p>\n","protected":false},"excerpt":{"rendered":"<p>Le strutture sportive pubbliche e private potranno svolgere regolarmente le attivit\u00e0 di routine, annullate invece gare e partite<\/p>\n","protected":false},"author":10593,"featured_media":0,"comment_status":"open","ping_status":"closed","sticky":false,"template":"","format":"standard","meta":{"footnotes":""},"categories":[45296,34],"tags":[3144],"class_list":["post-485550","post","type-post","status-publish","format-standard","hentry","category-copertina","category-cronaca","tag-allerta-meteo","post_cat_citta-savona","post_tag_personaggi-maurizio-scaramuzza"],"amp_validity":null,"amp_enabled":true,"_links":{"self":[{"href":"https:\/\/staging.ivg.it\/ediapi\/wp\/v2\/posts\/485550","targetHints":{"allow":["GET"]}}],"collection":[{"href":"https:\/\/staging.ivg.it\/ediapi\/wp\/v2\/posts"}],"about":[{"href":"https:\/\/staging.ivg.it\/ediapi\/wp\/v2\/types\/post"}],"author":[{"embeddable":true,"href":"https:\/\/staging.ivg.it\/ediapi\/wp\/v2\/users\/10593"}],"replies":[{"embeddable":true,"href":"https:\/\/staging.ivg.it\/ediapi\/wp\/v2\/comments?post=485550"}],"version-history":[{"count":0,"href":"https:\/\/staging.ivg.it\/ediapi\/wp\/v2\/posts\/485550\/revisions"}],"wp:attachment":[{"href":"https:\/\/staging.ivg.it\/ediapi\/wp\/v2\/media?parent=485550"}],"wp:term":[{"taxonomy":"category","embeddable":true,"href":"https:\/\/staging.ivg.it\/ediapi\/wp\/v2\/categories?post=485550"},{"taxonomy":"post_tag","embeddable":true,"href":"https:\/\/staging.ivg.it\/ediapi\/wp\/v2\/tags?post=485550"}],"curies":[{"name":"wp","href":"https:\/\/api.w.org\/{rel}","templated":true}]}}