{"id":485525,"date":"2019-12-19T17:24:13","date_gmt":"2019-12-19T16:24:13","guid":{"rendered":"http:\/\/www.ivg.it\/?p=485525"},"modified":"2019-12-21T17:40:14","modified_gmt":"2019-12-21T16:40:14","slug":"savona-la-minoranza-salva-la-maggioranza-sugli-interventi-post-alluvione-ed-e-polemica","status":"publish","type":"post","link":"https:\/\/staging.ivg.it\/2019\/12\/savona-la-minoranza-salva-la-maggioranza-sugli-interventi-post-alluvione-ed-e-polemica\/","title":{"rendered":"Savona, la minoranza &#8220;salva&#8221; la maggioranza sugli interventi post alluvione. Ed \u00e8 polemica"},"content":{"rendered":"<p><strong>Savona.<\/strong> Sono serviti i voti della minoranza oggi in consiglio comunale per approvare le spese effettuate in somma urgenza dal Comune di Savona nelle ore successive al maltempo del 23 e 24 novembre. La maggioranza infatti, a causa di alcune assenze, non era in grado di garantire il numero legale. Il che avrebbe rappresentato un problema grave per l&#8217;amministrazione di Ilaria Caprioglio, che aveva assoluto bisogno di riconoscere quel debito fuori bilancio entro fine anno per ottenere il rimborso di quei fondi.<\/p>\n<p>Non \u00e8 mai un buon segno, la difficolt\u00e0 da parte di una maggioranza di essere &#8220;autonoma&#8221; e reggersi da sola nei numeri. Anzi, solitamente \u00e8 un indice di debolezza molto pesante, che tradisce dissensi o addirittura &#8220;faide&#8221; interne. E la minoranza lo ha immediatamente fatto notare, scatenando una piccola polemica: &#8220;Non sta all&#8217;opposizione garantire il numero legale &#8211; ha detto Marco Ravera (Rete a Sinistra) &#8211; alle elezioni c&#8217;\u00e8 un premio di maggioranza sostanzioso&#8221;.<\/p>\n<p>Il presidente del consiglio comunale Renato Giusto ha motivato la situazione con problemi di salute da parte di un consigliere della Lega, Alfredo Remigio (operato nei giorni scorsi). Ma va anche ricordata la fuoriuscita di Elda Olin Verney (prima passata al gruppo misto e poi confluita in Italia Viva), che ha influito sulla solidit\u00e0 a livello numerico della maggioranza.<\/p>\n<p>Ne \u00e8 scaturito un breve botta e risposta dai banchi, con Matteo Venturino a pungere (&#8220;Altre volte i banchi della minoranza erano vuoti, e noi non lo abbiamo mai fatto notare&#8230;&#8221;) e di nuovo Ravera a replicare: &#8220;Che un consigliere non stia bene dispiace anche a un pericoloso comunista come me, ma la maggioranza siete voi, noi potremmo anche andarcene&#8221;. Mentre Manuel Meles (M5S) ha spiegato: &#8220;Questo salvagente \u00e8 necessario per impedire che, a causa dell\u2019irresponsabilit\u00e0 della maggioranza, al netto del consigliere che ha problemi di salute, la politica non dia attenzione ai savonesi che hanno subito conseguenze e disagi dal maltempo e cui \u00e8 necessario dare le dovute, per quanto sommarie e non risolutive, risposte&#8221;.<\/p>\n<p>Alla fine \u00e8 stato l&#8217;assessore Silvano Montaldo a chiudere la questione: &#8220;Non approvare questa delibera nei termini creerebbe grossi problemi &#8211; ha ammesso &#8211; ringrazio quindi la minoranza per il senso di responsabilit\u00e0 istituzionale e il sostegno&#8221;.<\/p>\n<p>Sostegno che \u00e8 arrivato anche nel punto successivo, legato alle partecipate. &#8220;Senza delibera sulle partecipate ci sarebbero sanzioni amministrative &#8211; ha spiegato Elisa Di Padova (Pd) e soprattutto l&#8217;impossibilit\u00e0 di esercitare i diritti sociali nei confronti delle societ\u00e0, con conseguenze difficili e pesanti per le partecipate a partire da Ata&#8221;.\u00a0 &#8220;Questo gesto di responsabilit\u00e0, se importante in una pratica che approviamo, \u00e8 ancora pi\u00f9 importante in una che non condividiamo &#8211; ha sottolineato Ravera &#8211; ci sarebbe bastato uscire, o restare ma non votare, per paralizzare l&#8217;amministrazione. Credo che oggi la citt\u00e0 di Savona debba ringraziare la minoranza&#8221;.<\/p>\n","protected":false},"excerpt":{"rendered":"<p>Alla maggioranza manca il numero legale, la replica: &#8220;Problemi di salute, altre volte i banchi della minoranza erano vuoti&#8230;&#8221;<\/p>\n","protected":false},"author":10593,"featured_media":0,"comment_status":"open","ping_status":"closed","sticky":false,"template":"","format":"standard","meta":{"footnotes":""},"categories":[45296,31],"tags":[29609],"class_list":["post-485525","post","type-post","status-publish","format-standard","hentry","category-copertina","category-politica","tag-consiglio-comunale-savona","post_cat_citta-savona","post_tag_personaggi-marco-ravera","post_tag_personaggi-matteo-venturino","post_tag_personaggi-renato-giusto","post_tag_personaggi-silvano-montaldo"],"amp_validity":null,"amp_enabled":true,"_links":{"self":[{"href":"https:\/\/staging.ivg.it\/ediapi\/wp\/v2\/posts\/485525","targetHints":{"allow":["GET"]}}],"collection":[{"href":"https:\/\/staging.ivg.it\/ediapi\/wp\/v2\/posts"}],"about":[{"href":"https:\/\/staging.ivg.it\/ediapi\/wp\/v2\/types\/post"}],"author":[{"embeddable":true,"href":"https:\/\/staging.ivg.it\/ediapi\/wp\/v2\/users\/10593"}],"replies":[{"embeddable":true,"href":"https:\/\/staging.ivg.it\/ediapi\/wp\/v2\/comments?post=485525"}],"version-history":[{"count":0,"href":"https:\/\/staging.ivg.it\/ediapi\/wp\/v2\/posts\/485525\/revisions"}],"wp:attachment":[{"href":"https:\/\/staging.ivg.it\/ediapi\/wp\/v2\/media?parent=485525"}],"wp:term":[{"taxonomy":"category","embeddable":true,"href":"https:\/\/staging.ivg.it\/ediapi\/wp\/v2\/categories?post=485525"},{"taxonomy":"post_tag","embeddable":true,"href":"https:\/\/staging.ivg.it\/ediapi\/wp\/v2\/tags?post=485525"}],"curies":[{"name":"wp","href":"https:\/\/api.w.org\/{rel}","templated":true}]}}