{"id":485316,"date":"2019-12-17T18:36:50","date_gmt":"2019-12-17T17:36:50","guid":{"rendered":"http:\/\/www.ivg.it\/?p=485316"},"modified":"2019-12-17T18:36:50","modified_gmt":"2019-12-17T17:36:50","slug":"cairo-nuova-edizione-in-chiave-benefica-del-primo-romanzo-di-giuliana-balzano","status":"publish","type":"post","link":"https:\/\/staging.ivg.it\/2019\/12\/cairo-nuova-edizione-in-chiave-benefica-del-primo-romanzo-di-giuliana-balzano\/","title":{"rendered":"Cairo, nuova edizione in chiave benefica del primo romanzo di Giuliana Balzano"},"content":{"rendered":"<p><strong>Cairo Montenotte<\/strong>. Torna fresco di stampa, ma con lo stesso messaggio di amore, il primo libro della scrittrice cairese Giuliana Balzano, dal titolo &#8220;Cosa hai imparato?&#8221;, per la collana &#8220;Storie di Vita&#8221; della casa editrice Leucotea.<\/p>\n<p>I proventi delle vendite di questa seconda edizione del romanzo verranno donati all&#8217;Associazione di Promozione Sociale Diversamente. La storia parla di un&#8217;allieva infermiera che, piena di entusiasmo, affronta il corso formativo per infermieri, ignara, per\u00f2, della sofferenza, delle paure, delle angosce e dei dubbi che incontrer\u00e0 lungo il suo cammino. Una volta entrata nell&#8217;ambiente ospedaliero, Elisa scopre un nuovo mondo, ma la sua sensibilit\u00e0 verso chi soffre la porter\u00e0 a vivere un percorso che caratterizzer\u00e0 la sua vita.<\/p>\n<p>Nel 2017 &#8220;Cosa hai imparato?&#8221; si \u00e8 classificato secondo al Premio Letterario Figurativo Nazionale caff\u00e8 delle Arti IV edizione, nella sezione libri editi.<\/p>\n","protected":false},"excerpt":{"rendered":"<p>I proventi della vendita saranno destinati all&#8217;associazione Diversamente <\/p>\n","protected":false},"author":12120,"featured_media":0,"comment_status":"open","ping_status":"closed","sticky":false,"template":"","format":"standard","meta":{"footnotes":""},"categories":[45296,56],"tags":[104568],"class_list":["post-485316","post","type-post","status-publish","format-standard","hentry","category-copertina","category-altre","tag-associazione-di-promozione-sociale-diversamente","post_cat_citta-cairo-montenotte","post_tag_personaggi-giuliana-balzano"],"amp_validity":null,"amp_enabled":true,"_links":{"self":[{"href":"https:\/\/staging.ivg.it\/ediapi\/wp\/v2\/posts\/485316","targetHints":{"allow":["GET"]}}],"collection":[{"href":"https:\/\/staging.ivg.it\/ediapi\/wp\/v2\/posts"}],"about":[{"href":"https:\/\/staging.ivg.it\/ediapi\/wp\/v2\/types\/post"}],"author":[{"embeddable":true,"href":"https:\/\/staging.ivg.it\/ediapi\/wp\/v2\/users\/12120"}],"replies":[{"embeddable":true,"href":"https:\/\/staging.ivg.it\/ediapi\/wp\/v2\/comments?post=485316"}],"version-history":[{"count":0,"href":"https:\/\/staging.ivg.it\/ediapi\/wp\/v2\/posts\/485316\/revisions"}],"wp:attachment":[{"href":"https:\/\/staging.ivg.it\/ediapi\/wp\/v2\/media?parent=485316"}],"wp:term":[{"taxonomy":"category","embeddable":true,"href":"https:\/\/staging.ivg.it\/ediapi\/wp\/v2\/categories?post=485316"},{"taxonomy":"post_tag","embeddable":true,"href":"https:\/\/staging.ivg.it\/ediapi\/wp\/v2\/tags?post=485316"}],"curies":[{"name":"wp","href":"https:\/\/api.w.org\/{rel}","templated":true}]}}