{"id":485081,"date":"2019-12-16T10:50:50","date_gmt":"2019-12-16T09:50:50","guid":{"rendered":"http:\/\/www.ivg.it\/?p=485081"},"modified":"2019-12-16T10:51:29","modified_gmt":"2019-12-16T09:51:29","slug":"fondazione-oddi-il-consigliere-tomatis-mai-visto-ad-albenga-sindaco-cosi-arrogante-e-con-poca-personalita","status":"publish","type":"post","link":"https:\/\/staging.ivg.it\/2019\/12\/fondazione-oddi-il-consigliere-tomatis-mai-visto-ad-albenga-sindaco-cosi-arrogante-e-con-poca-personalita\/","title":{"rendered":"Fondazione Oddi, il consigliere Tomatis: \u201cMai visto ad Albenga sindaco\u00a0cos\u00ec arrogante e con poca personalit\u00e0\u201d\u00a0"},"content":{"rendered":"<p><strong>Albenga.<\/strong> &#8220;Sono estremamente deluso e amareggiato dal comportamento del sindaco Dott. Riccardo Tomatis&#8221;. Esordisce il consigliere di minoranza Roberto Tomatis dopo <a href=\"https:\/\/www.ivg.it\/2019\/12\/albenga-il-sindaco-replica-su-fondazione-oddi-tomatis-che-si-interessa-di-cultura-fa-ridere-ciangherotti-non-merita-risposta\/\">le dichiarazioni dell&#8217;omonimo primo cittadino Riccardo sulla Fondazione Oddi<\/a>.<\/p>\n<p>&#8220;Un sindaco, a parer mio, &#8211; ha proseguito, &#8211; non dovrebbe mai offendere, denigrare o scendere sul personale. Mi sono limitato a fare alcune considerazioni di carattere politico-amministrativo sulla gestione del Palazzo Oddo che, evidentemente, presenta una serie di problematiche irrisolte e di ritardi che non hanno fatto altro che peggiorare le condizioni, gi\u00e0 precarie, di uno dei palazzi pi\u00f9 belli del nostro patrimonio comunale. E, per risposta, ho ricevuto solo insulti gratuiti e inopportuni&#8221;.<\/p>\n<p>&#8220;A memoria non si \u00e8 mai visto ad Albenga un sindaco con cos\u00ec poca personalit\u00e0 e statura politica, unita ad arroganza dalla poltrona. Albenga merita molto di pi\u00f9&#8221;.<\/p>\n<p>&#8220;Il sindaco Tomatis si \u00e8 infatti limitato a snocciolare una serie di dati, peraltro campati per aria, senza dare per\u00f2 alcuna risposta riguardo le problematiche che si registrano a Palazzo Oddo e che sono sotto gli occhi di tutti tra cui la mancata accensione del riscaldamento e il conseguente disagio, nei giorni scorsi, per chi a Palazzo Oddo opera, offrendo peraltro gratuitamente, come volontario, il proprio tempo libero a vantaggio del bene comune&#8221;.<\/p>\n<p>&#8220;E non meno evidenti sono le persiane pericolanti a rischio caduta e il ritardo nell&#8217;apertura delle buste per l&#8217;assegnazione del B&amp;B che \u00e8 causa di gravi infiltrazioni dal tetto e impedisce di far ripartire l&#8217;attivit\u00e0 ricettiva, con ripercussioni sia sui dipendenti che sui fruitori&#8221;.<\/p>\n<p>&#8220;Probabilmente, dovendo fare i conti con una maggioranza sempre pi\u00f9 in bilico, il sindaco Dott. Riccardo Tomatis ha perso la lucidit\u00e0 dimostrando quello che \u00e8 realmente. Ricordo al nostro Sindaco che un buon amministratore deve far tesoro anche delle critiche della minoranza, il cui ruolo \u00e8 fondamentale in un Paese democratico&#8221;, ha concluso\u00a0il consigliere Tomatis.<\/p>\n","protected":false},"excerpt":{"rendered":"<p>\u201cFatte alcune considerazioni sulla gestione di Palazzo Oddo e ho ricevuto insulti gratuiti e inopportuni\u201d<\/p>\n","protected":false},"author":18599,"featured_media":0,"comment_status":"open","ping_status":"closed","sticky":false,"template":"","format":"standard","meta":{"footnotes":""},"categories":[31],"tags":[14591,37919,86119],"class_list":["post-485081","post","type-post","status-publish","format-standard","hentry","category-politica","tag-comune-di-albenga","tag-fondazione-oddi","tag-palazzo-oddo","post_cat_citta-albenga","post_tag_personaggi-roberto-tomatis"],"amp_validity":null,"amp_enabled":true,"_links":{"self":[{"href":"https:\/\/staging.ivg.it\/ediapi\/wp\/v2\/posts\/485081","targetHints":{"allow":["GET"]}}],"collection":[{"href":"https:\/\/staging.ivg.it\/ediapi\/wp\/v2\/posts"}],"about":[{"href":"https:\/\/staging.ivg.it\/ediapi\/wp\/v2\/types\/post"}],"author":[{"embeddable":true,"href":"https:\/\/staging.ivg.it\/ediapi\/wp\/v2\/users\/18599"}],"replies":[{"embeddable":true,"href":"https:\/\/staging.ivg.it\/ediapi\/wp\/v2\/comments?post=485081"}],"version-history":[{"count":0,"href":"https:\/\/staging.ivg.it\/ediapi\/wp\/v2\/posts\/485081\/revisions"}],"wp:attachment":[{"href":"https:\/\/staging.ivg.it\/ediapi\/wp\/v2\/media?parent=485081"}],"wp:term":[{"taxonomy":"category","embeddable":true,"href":"https:\/\/staging.ivg.it\/ediapi\/wp\/v2\/categories?post=485081"},{"taxonomy":"post_tag","embeddable":true,"href":"https:\/\/staging.ivg.it\/ediapi\/wp\/v2\/tags?post=485081"}],"curies":[{"name":"wp","href":"https:\/\/api.w.org\/{rel}","templated":true}]}}