{"id":484858,"date":"2019-12-13T10:15:06","date_gmt":"2019-12-13T09:15:06","guid":{"rendered":"http:\/\/www.ivg.it\/?p=484858"},"modified":"2019-12-13T10:15:06","modified_gmt":"2019-12-13T09:15:06","slug":"regionali-2020-a-savona-apre-il-nuovo-point-elettorale-di-giovanni-toti","status":"publish","type":"post","link":"https:\/\/staging.ivg.it\/2019\/12\/regionali-2020-a-savona-apre-il-nuovo-point-elettorale-di-giovanni-toti\/","title":{"rendered":"Regionali 2020, a Savona apre il nuovo point elettorale di Giovanni Toti"},"content":{"rendered":"<p><strong>Savona.\u00a0<\/strong>Sar\u00e0 Giovanni Toti ad inaugurare domenica 15 dicembre alle 11 e 30 il point di &#8220;Cambiamo&#8221; nella centralissima Via Pia 31 R a Savona.<\/p>\n<p>Il point, che coordiner\u00e0 l&#8217;attivit\u00e0 del Movimento del Presidente Toti in Provincia di Savona,\u00a0sar\u00e0 anche il quartier generale della campagna elettorale del consigliere Angelo Vaccarezza che cos\u00ec commenta: &#8220;La nostra sede sar\u00e0 la seconda in Liguria, dopo quella aperta da Ilaria Cavo la scorsa settimana a\u00a0Genova, \u00e8 per questo, per me e per le tante persone che mi hanno seguito in questo nuovo progetto, motivo di orgoglio&#8221;.<\/p>\n<p>&#8220;I partiti sono sempre meno accessibili, chiusi in se stessi, autoreferenziali e senza luoghi di incontro e confronto: questo sar\u00e0 un luogo dove i cittadini potranno incontrare amministratori regionali, provinciali e comunali che si riconosco nella sfida lanciata da Giovanni Toti&#8221; conclude Vaccarezza.<\/p>\n","protected":false},"excerpt":{"rendered":"<p>Il taglio del nastro domenica 15 dicembre alle ore 11.30 in via Pia, 31R <\/p>\n","protected":false},"author":17962,"featured_media":0,"comment_status":"open","ping_status":"closed","sticky":false,"template":"","format":"standard","meta":{"footnotes":""},"categories":[45296,34,31],"tags":[108737],"class_list":["post-484858","post","type-post","status-publish","format-standard","hentry","category-copertina","category-cronaca","category-politica","tag-regionali-2020","post_tag_personaggi-angelo-vaccarezza","post_tag_personaggi-giovanni-toti"],"amp_validity":null,"amp_enabled":true,"_links":{"self":[{"href":"https:\/\/staging.ivg.it\/ediapi\/wp\/v2\/posts\/484858","targetHints":{"allow":["GET"]}}],"collection":[{"href":"https:\/\/staging.ivg.it\/ediapi\/wp\/v2\/posts"}],"about":[{"href":"https:\/\/staging.ivg.it\/ediapi\/wp\/v2\/types\/post"}],"author":[{"embeddable":true,"href":"https:\/\/staging.ivg.it\/ediapi\/wp\/v2\/users\/17962"}],"replies":[{"embeddable":true,"href":"https:\/\/staging.ivg.it\/ediapi\/wp\/v2\/comments?post=484858"}],"version-history":[{"count":0,"href":"https:\/\/staging.ivg.it\/ediapi\/wp\/v2\/posts\/484858\/revisions"}],"wp:attachment":[{"href":"https:\/\/staging.ivg.it\/ediapi\/wp\/v2\/media?parent=484858"}],"wp:term":[{"taxonomy":"category","embeddable":true,"href":"https:\/\/staging.ivg.it\/ediapi\/wp\/v2\/categories?post=484858"},{"taxonomy":"post_tag","embeddable":true,"href":"https:\/\/staging.ivg.it\/ediapi\/wp\/v2\/tags?post=484858"}],"curies":[{"name":"wp","href":"https:\/\/api.w.org\/{rel}","templated":true}]}}