{"id":484854,"date":"2019-12-13T09:33:12","date_gmt":"2019-12-13T08:33:12","guid":{"rendered":"http:\/\/www.ivg.it\/?p=484854"},"modified":"2019-12-13T13:38:17","modified_gmt":"2019-12-13T12:38:17","slug":"lotta-allo-spaccio-ciangherotti-finalmente-arriva-il-cane-antidroga-utile-anche-come-compagnia-per-lassessore-vannucci","status":"publish","type":"post","link":"https:\/\/staging.ivg.it\/2019\/12\/lotta-allo-spaccio-ciangherotti-finalmente-arriva-il-cane-antidroga-utile-anche-come-compagnia-per-lassessore-vannucci\/","title":{"rendered":"Lotta allo spaccio, Ciangherotti: &#8220;Finalmente arriva il cane antidroga, utile anche come compagnia per l&#8217;assessore Vannucci&#8221;"},"content":{"rendered":"<p><strong>Albenga.<\/strong>&#8220;Finalmente! Anche Albenga avr\u00e0 un cane antidroga a disposizione della Polizia locale. La giunta guidata dal sindaco Riccardo Tomatis, infatti, ha finalmente capito che dotare le forze dell&#8217;ordine di un cane antidroga non significa fascistizzare la Polizia Locale, piuttosto dargli uno strumento utile a contrastare lo spaccio di sostanze stupefacenti che, purtroppo, vede Albenga come un hub per spacciatori ed assuntori di sostanze stupefacenti, i drogati della Riviera, per usare un linguaggio politicamente scorretto&#8221;. A comunicarlo, in una nota, \u00e8 il consigliere comunale di minoranza di Forza Italia Eraldo Ciangherotti.<\/p>\n<p>Spiega Ciangherotti: &#8220;Un turismo che, evidentemente, non mi piace e, sono sicuro, non piace a nessuno. La Determina dirigenziale, presa dal Comune di Loano, visto che la Polizia locale di Albenga ha una convenzione con Loano e Finale Ligure, riguarda anche la nostra Citt\u00e0, sicuramente la pi\u00f9 devastata dallo spaccio di droga.\u00a0Sono soddisfatto, non c&#8217;\u00e8 dubbio, per aver convinto la giunta di Albenga, dopo anni di mie battaglie e di attacchi politici alla mia persona, ad acquistare, da un allevamento mantovano, un cane addestrato alla ricerca di sostanze stupefacenti&#8221;.<\/p>\n<p>&#8220;Sono convinto che questo nuovo &#8220;agente a quattro zampe&#8221; avr\u00e0 una doppia funzione, una operativa, per scovare coca e canne, un&#8217;altra psicologica, terr\u00e0 compagnia all&#8217;assessore Vannucci quando, in visita al Comando della Polizia locale, non sapr\u00e0 come passare il tempo&#8221; conclude il consigliere di minoranza.<\/p>\n<p>La replica dell&#8217;assessore alla sicurezza Mauro Vannucci non si \u00e8 fatta attendere: &#8220;Le osservazioni di Ciangherotti circa il cane antidroga non meriterebbero neppure una risposta perch\u00e9 si commentano da sole.\u00a0Una cosa per\u00f2 \u00e8 certa: se la polizia locale d&#8217;Albenga ora \u00e8 dotata di un cane antidroga non \u00e8 sicuramente merito suo&#8221;.<\/p>\n","protected":false},"excerpt":{"rendered":"<p>&#8220;Uno strumento utile a contrastare lo spaccio di sostanze stupefacenti che, purtroppo, vede Albenga come un hub per spacciatori ed assuntori di sostanze stupefacenti,<\/p>\n","protected":false},"author":17962,"featured_media":0,"comment_status":"open","ping_status":"closed","sticky":false,"template":"","format":"standard","meta":{"footnotes":""},"categories":[45296,34,31],"tags":[27223,1304],"class_list":["post-484854","post","type-post","status-publish","format-standard","hentry","category-copertina","category-cronaca","category-politica","tag-cane-antidroga","tag-spaccio","post_cat_citta-albenga"],"amp_validity":null,"amp_enabled":true,"_links":{"self":[{"href":"https:\/\/staging.ivg.it\/ediapi\/wp\/v2\/posts\/484854","targetHints":{"allow":["GET"]}}],"collection":[{"href":"https:\/\/staging.ivg.it\/ediapi\/wp\/v2\/posts"}],"about":[{"href":"https:\/\/staging.ivg.it\/ediapi\/wp\/v2\/types\/post"}],"author":[{"embeddable":true,"href":"https:\/\/staging.ivg.it\/ediapi\/wp\/v2\/users\/17962"}],"replies":[{"embeddable":true,"href":"https:\/\/staging.ivg.it\/ediapi\/wp\/v2\/comments?post=484854"}],"version-history":[{"count":0,"href":"https:\/\/staging.ivg.it\/ediapi\/wp\/v2\/posts\/484854\/revisions"}],"wp:attachment":[{"href":"https:\/\/staging.ivg.it\/ediapi\/wp\/v2\/media?parent=484854"}],"wp:term":[{"taxonomy":"category","embeddable":true,"href":"https:\/\/staging.ivg.it\/ediapi\/wp\/v2\/categories?post=484854"},{"taxonomy":"post_tag","embeddable":true,"href":"https:\/\/staging.ivg.it\/ediapi\/wp\/v2\/tags?post=484854"}],"curies":[{"name":"wp","href":"https:\/\/api.w.org\/{rel}","templated":true}]}}