{"id":484643,"date":"2019-12-12T20:39:29","date_gmt":"2019-12-12T19:39:29","guid":{"rendered":"http:\/\/www.ivg.it\/?p=484643"},"modified":"2019-12-12T22:39:35","modified_gmt":"2019-12-12T21:39:35","slug":"finale-ligure-razzismo-e-fascismo-dentro-e-fuori-dagli-stadi-il-pensiero-di-renzo-ulivieri","status":"publish","type":"post","link":"https:\/\/staging.ivg.it\/2019\/12\/finale-ligure-razzismo-e-fascismo-dentro-e-fuori-dagli-stadi-il-pensiero-di-renzo-ulivieri\/","title":{"rendered":"Finale Ligure, &#8220;Razzismo e fascismo dentro e fuori dagli stadi&#8221;, il pensiero di Renzo Ulivieri"},"content":{"rendered":"<p><strong>Finale Ligure.<\/strong>\u00a0&#8220;Razzismo e fascismo dentro e fuori dagli stadi&#8221;, il tema dell&#8217;incontro pubblico, tenutosi questa sera presso la Sala Gallesio, davanti al Municipio, organizzato dalla web radio della sezione Anpi di Finale.<\/p>\n<p>Protagonista del confronto \u00e8 stato Renzo Ulivieri, storico volto noto nel mondo del calcio, nonch\u00e9 presidente dell&#8217;Associazione italiana allenatori.<\/p>\n<p>Prima di entrare nel merito. La carriera da allenatore di Ulivieri, ripercorsa in sintesi. Incominciata nella provincia toscana, tra i dilettanti. Poi nel settore giovanile della Fiorentina. Dunque l&#8217;approdo nel professionismo. Empoli, Ternana, Lanerossi Vicenza. L&#8217;esordio in Serie A col Perugia, da subentrato, nella stagione 1979\/1980. Quindi Cagliari, Sampdoria (con cui vinse la Serie B, nel 1982\/1983, con Mantovani presidente), Poi Modena, Napoli, Torino, Padova, Bologna, Reggina. Dal 2015 allena la squadra femminile del Pontedera.<\/p>\n<p>In primo luogo sono stati citati e discussi alcuni casi d&#8217;attualit\u00e0. Nel Regno Unito, ad esempio, un tifoso del Manchester City in seguito a un episodio razzista \u00e8 stato recentemente bandito dal club, arrestato e sospeso dal lavoro.<\/p>\n<p>Il 15 ottobre scorso: gara Bulgaria-Inghilterra, valevole per le qualificazioni ai Campionati europei del 2020. Dalla curva giungono cori, scritte naziste e contro i tifosi inglesi. L&#8217;arbitro sospende pi\u00f9 volte la partita. Il primo ministro, all&#8217;indomani, da Sofia spinge per le dimissioni del presidente della federcalcio bulgara. Prontamente arrivate il giorno successivo.<\/p>\n<p>In Italia si potr\u00e0 fare altrettanto? Chiede il moderatore. Ulivieri risponde:<\/p>\n<p><em>&#8220;La strada da intraprendere non \u00e8 cercare di nascondere. Bisogna affrontare con responsabilit\u00e0: questo problema riguarda noi tutti. Non si pu\u00f2 fare finta di niente&#8221;<\/em><\/p>\n<p><em>&#8220;Rigidi e perseguire chi sbaglia. Insegnare il ricordo e mantenere viva la memoria. Questo, purtroppo<\/em> &#8211; aggiunge Ulivieri &#8211; <em>lo siamo dimenticando&#8221;.<\/em><\/p>\n<p>Una riflessione quindi anche sulla classe politica:<\/p>\n<p><em>&#8220;Quanto nelle parole dei politici c&#8217;\u00e8 un&#8217;esortazione alla violenza. Quanto \u00e8 diseducativo, soprattutto per i giovani. \u00c8 un processo lungo. Questo\u00a0popolo deve ritrovare i suoi valori e riscoprire se stesso.&#8221;<\/em><\/p>\n<p>Si \u00e8 dunque preso in esame un episodio di qualche anno fa. In un match di Seconda Categoria, a Marzabotto, un giocatore esult\u00f2 a un gol facendo il saluto fascista.<\/p>\n<p><em>&#8220;Andava condannato a leggere, a studiare. Imparare e conoscere la storia. Solo cos\u00ec si possono educare i giovani&#8221;.\u00a0<\/em><\/p>\n<p>Digressione. Si \u00e8 inoltre ricordata la strage di piazza Fontana, alla banca dell&#8217;agricoltura di Milano, dove morirono diciassette persone. Era il 12 dicembre 1969, cinquant&#8217;anni esatti fa. Gruppi eversivi di estrema destra, armati e collusi coi servizi segreti, organizzazioni paramilitari e apparati deviati dello Stato. Apr\u00ec la stagione della cosiddetta strategia della tensione e degli anni di piombo.<\/p>\n<p>Altro aspetto del tema violenza negli stadi riguarda l&#8217;avversione del tifoserie nei confronti delle forze dell&#8217;ordine:<\/p>\n<p><em>&#8220;L&#8217;accanimento del tifo organizzato nei confronti delle forze dell&#8217;ordine l&#8217;ho riscontrato in diverse piazze, soprattutto quando ero a Bologna. Anche da qu\u00ec parte la violenza. Il problema \u00e8 a monte, nella societ\u00e0.&#8221;<\/em><\/p>\n<p>L&#8217;odio e la violenza quindi come comportamenti intrinsechi ai bassi istinti dell&#8217;uomo e della propria natura. Da combattere con la conoscenza, con la cultura e con rigidi provvedimenti sociali.<\/p>\n<p>A margine. Una partita tra Livorno ed Empoli<em> (ndr, tifoserie organizzate notoriamente vicine agli ambienti di estrema sinistra).<\/em> Lo stadio intero inton\u00f2 in coro &#8216;Avanti popolo&#8217;. Ulivieri ha ricordato il momento con fervente piacere.<\/p>\n","protected":false},"excerpt":{"rendered":"<p>Il presidente dell&#8217;Associazione degli allenatori di calcio \u00e8 stato ospite a un convegno: &#8220;La piaga riguarda la societ\u00e0, non si pu\u00f2 stare a guardare. \u00c8 necessario schierarsi e agire, mantenere viva la memoria e parlare ai giovani&#8221;<\/p>\n","protected":false},"author":19459,"featured_media":0,"comment_status":"open","ping_status":"closed","sticky":false,"template":"","format":"standard","meta":{"footnotes":""},"categories":[45296,182,32],"tags":[4842,85989,1841],"class_list":["post-484643","post","type-post","status-publish","format-standard","hentry","category-copertina","category-calcio","category-sport","tag-anpi","tag-calcio","tag-violenza","post_cat_citta-finale-ligure","post_tag_personaggi-renzo-ulivieri"],"amp_validity":null,"amp_enabled":true,"_links":{"self":[{"href":"https:\/\/staging.ivg.it\/ediapi\/wp\/v2\/posts\/484643","targetHints":{"allow":["GET"]}}],"collection":[{"href":"https:\/\/staging.ivg.it\/ediapi\/wp\/v2\/posts"}],"about":[{"href":"https:\/\/staging.ivg.it\/ediapi\/wp\/v2\/types\/post"}],"author":[{"embeddable":true,"href":"https:\/\/staging.ivg.it\/ediapi\/wp\/v2\/users\/19459"}],"replies":[{"embeddable":true,"href":"https:\/\/staging.ivg.it\/ediapi\/wp\/v2\/comments?post=484643"}],"version-history":[{"count":0,"href":"https:\/\/staging.ivg.it\/ediapi\/wp\/v2\/posts\/484643\/revisions"}],"wp:attachment":[{"href":"https:\/\/staging.ivg.it\/ediapi\/wp\/v2\/media?parent=484643"}],"wp:term":[{"taxonomy":"category","embeddable":true,"href":"https:\/\/staging.ivg.it\/ediapi\/wp\/v2\/categories?post=484643"},{"taxonomy":"post_tag","embeddable":true,"href":"https:\/\/staging.ivg.it\/ediapi\/wp\/v2\/tags?post=484643"}],"curies":[{"name":"wp","href":"https:\/\/api.w.org\/{rel}","templated":true}]}}