{"id":484472,"date":"2019-12-09T18:53:41","date_gmt":"2019-12-09T17:53:41","guid":{"rendered":"http:\/\/www.ivg.it\/?p=484472"},"modified":"2019-12-09T18:57:21","modified_gmt":"2019-12-09T17:57:21","slug":"allenatori-i-guru-del-calcio-in-dialogo-con-gli-intellettuali","status":"publish","type":"post","link":"https:\/\/staging.ivg.it\/2019\/12\/allenatori-i-guru-del-calcio-in-dialogo-con-gli-intellettuali\/","title":{"rendered":"Allenatori: i guru del calcio in dialogo con gli intellettuali"},"content":{"rendered":"<p>Da\u00a0<b>luned\u00ec 9 dicembre 2019 a luned\u00ec 24 febbraio 2020<\/b>, il Salone del Maggior Consiglio di\u00a0<b>Palazzo Ducale a Genova<\/b>, ospiter\u00e0 un ciclo di incontri con grandi allenatori dal titolo Allenatori &#8211; I guru del calcio in dialogo con gli intellettuali, ideato da Marco Ansaldo e curato da Marco Ansaldo e Renzo Parodi.<\/p>\n<p>Il primo incontro \u00e8 dedicato a\u00a0<b>Marcello Lippi\u00a0<\/b>(da giocatore capitano della Sampdoria e da allenatore vincitore della Coppa del Mondo 2006 con l&#8217;Italia e nel 1996 della Champions con la Juventus)\u00a0nella giornata di luned\u00ec 9 dicembre 2019, alle ore 21: l&#8217;ex ct della Nazionale Italiana campione del Mondo nel 2006 dialogher\u00e0 al Ducale con il giornalista romanziere Lorenzo Licalzi.<\/p>\n<p>Lippi ha recentemente (15\/11) presentato le sue dimissioni da allenatore della nazionale di calcio cinese poco dopo la sconfitta per 2 a 1 subita contro la Siria nelle Qualificazioni asiatiche ai Mondiali del 2022 che ha complicato ma non compromesso la qualificazione della Cina ai Mondiali, che manca da diciassette anni.<\/p>\n<p>Marcello ha definito inammissibile l&#8217;atteggiamento mostrato dalla squadra negli ultimi tempi e al termine della conferenza stampa ha lasciato Dubai ed \u00e8 tornato subito in Italia. Durante il suo periodo in Oriente, Lippi \u00e8 stato uno dei tecnici pi\u00f9 pagati al mondo. L&#8217;idea della creazione dell&#8217;evento \u00e8 partita da Marco Ansaldo, corrispondente dal Medio Oriente di Repubblica e da Renzo Parodi, gi\u00e0 capo dei servizi sportivi e inviato del Secolo XIX.<\/p>\n<p>Il ciclo intende dare voce a molti dei pi\u00f9 affermati leader delle panchine, mettendoli per\u00f2 a confronto non con giornalisti ed esperti del settore, ma con intellettuali e scrittori, per approfondire il mondo che c&#8217;\u00e8 dietro uno stile di gioco e capire i segreti di un&#8217;alchimia che fa del calcio un argomento degno di attenzione filosofica.<\/p>\n<p>Si prover\u00e0 dunque ad andare oltre la lezione di grandi sociologi applicati al calcio come Desmond Morris, e la poetica di scrittori celebrati come Eduardo Galeano o Peter Handke.<\/p>\n<p>L&#8217;ingresso \u00e8 libero fino a esaurimento posti.<\/p>\n","protected":false},"excerpt":{"rendered":"<p>Lo speciale Settore Giovanile del ct Vaniglia<\/p>\n","protected":false},"author":18,"featured_media":0,"comment_status":"open","ping_status":"closed","sticky":false,"template":"","format":"standard","meta":{"footnotes":""},"categories":[182,32],"tags":[85989,5327,58119],"class_list":["post-484472","post","type-post","status-publish","format-standard","hentry","category-calcio","category-sport","tag-calcio","tag-calcio-giovanile","tag-speciale-settore-giovanile","post_tag_personaggi-felicino-vaniglia"],"amp_validity":null,"amp_enabled":true,"_links":{"self":[{"href":"https:\/\/staging.ivg.it\/ediapi\/wp\/v2\/posts\/484472","targetHints":{"allow":["GET"]}}],"collection":[{"href":"https:\/\/staging.ivg.it\/ediapi\/wp\/v2\/posts"}],"about":[{"href":"https:\/\/staging.ivg.it\/ediapi\/wp\/v2\/types\/post"}],"author":[{"embeddable":true,"href":"https:\/\/staging.ivg.it\/ediapi\/wp\/v2\/users\/18"}],"replies":[{"embeddable":true,"href":"https:\/\/staging.ivg.it\/ediapi\/wp\/v2\/comments?post=484472"}],"version-history":[{"count":0,"href":"https:\/\/staging.ivg.it\/ediapi\/wp\/v2\/posts\/484472\/revisions"}],"wp:attachment":[{"href":"https:\/\/staging.ivg.it\/ediapi\/wp\/v2\/media?parent=484472"}],"wp:term":[{"taxonomy":"category","embeddable":true,"href":"https:\/\/staging.ivg.it\/ediapi\/wp\/v2\/categories?post=484472"},{"taxonomy":"post_tag","embeddable":true,"href":"https:\/\/staging.ivg.it\/ediapi\/wp\/v2\/tags?post=484472"}],"curies":[{"name":"wp","href":"https:\/\/api.w.org\/{rel}","templated":true}]}}