{"id":484288,"date":"2019-12-07T14:11:07","date_gmt":"2019-12-07T13:11:07","guid":{"rendered":"http:\/\/www.ivg.it\/?p=484288"},"modified":"2019-12-07T14:17:06","modified_gmt":"2019-12-07T13:17:06","slug":"allarme-edilizia-a-savona-nel-2019-saldo-negativo-di-18-imprese","status":"publish","type":"post","link":"https:\/\/staging.ivg.it\/2019\/12\/allarme-edilizia-a-savona-nel-2019-saldo-negativo-di-18-imprese\/","title":{"rendered":"Allarme edilizia a Savona, nel 2019 saldo negativo di 18 imprese"},"content":{"rendered":"<p><strong>Savona.<\/strong> Torna l&#8217;allarme dei sindacati sulla crisi dell&#8217;edilizia nel savonese.<\/p>\n<p>In base ai dati di InfoCamere da gennaio a settembre 2019 a Savona nel settore dell\u2019edilizia tra nuove imprese iscritte e quelle cessate non d\u2019ufficio risulta un saldo negativo di 18 unit\u00e0. <\/p>\n<p>\u201cPraticamente in 9 mesi sono scomparse due imprese ogni mese \u2013 spiega Andrea Tafaria, segretario generale Filca Cisl Liguria \u2013 una situazione difficile anche a Savona dove c\u2019\u00e8 la necessit\u00e0 di fare in fretta per alcune opere strategiche come l\u2019Aurelia Bis: ci sar\u00e0 un nuovo appalto, ma bisogna accorciare i tempi e l\u2019unico modo \u00e8 quello di nominare un commissario straordinario&#8221;.  <\/p>\n<p>&#8220;C\u2019\u00e8 necessit\u00e0 di dare lavoro a tante professionalit\u00e0 della nostra regione che oggi sono senza occupazione. I numeri dimostrano che c\u2019\u00e8 assoluto bisogno di aiutare il settore edile&#8221; conclude.<\/p>\n","protected":false},"excerpt":{"rendered":"<p>Filca Cisl: &#8220;Accelerare su opere strategiche come l&#8217;Aurleia Bis&#8221;<\/p>\n","protected":false},"author":4,"featured_media":0,"comment_status":"open","ping_status":"closed","sticky":false,"template":"","format":"standard","meta":{"footnotes":""},"categories":[45296,35],"tags":[897,65843,77445],"class_list":["post-484288","post","type-post","status-publish","format-standard","hentry","category-copertina","category-economia","tag-aurelia-bis","tag-crisi-edilizia","tag-filca-cisl","post_cat_citta-savona","post_tag_personaggi-andrea-tafaria"],"amp_validity":null,"amp_enabled":true,"_links":{"self":[{"href":"https:\/\/staging.ivg.it\/ediapi\/wp\/v2\/posts\/484288","targetHints":{"allow":["GET"]}}],"collection":[{"href":"https:\/\/staging.ivg.it\/ediapi\/wp\/v2\/posts"}],"about":[{"href":"https:\/\/staging.ivg.it\/ediapi\/wp\/v2\/types\/post"}],"author":[{"embeddable":true,"href":"https:\/\/staging.ivg.it\/ediapi\/wp\/v2\/users\/4"}],"replies":[{"embeddable":true,"href":"https:\/\/staging.ivg.it\/ediapi\/wp\/v2\/comments?post=484288"}],"version-history":[{"count":0,"href":"https:\/\/staging.ivg.it\/ediapi\/wp\/v2\/posts\/484288\/revisions"}],"wp:attachment":[{"href":"https:\/\/staging.ivg.it\/ediapi\/wp\/v2\/media?parent=484288"}],"wp:term":[{"taxonomy":"category","embeddable":true,"href":"https:\/\/staging.ivg.it\/ediapi\/wp\/v2\/categories?post=484288"},{"taxonomy":"post_tag","embeddable":true,"href":"https:\/\/staging.ivg.it\/ediapi\/wp\/v2\/tags?post=484288"}],"curies":[{"name":"wp","href":"https:\/\/api.w.org\/{rel}","templated":true}]}}