{"id":484219,"date":"2019-12-06T17:50:18","date_gmt":"2019-12-06T16:50:18","guid":{"rendered":"http:\/\/www.ivg.it\/?p=484219"},"modified":"2019-12-06T18:33:42","modified_gmt":"2019-12-06T17:33:42","slug":"regione-via-al-corso-per-centralinisti-non-vedenti-si-inizia-a-febbraio-2020","status":"publish","type":"post","link":"https:\/\/staging.ivg.it\/2019\/12\/regione-via-al-corso-per-centralinisti-non-vedenti-si-inizia-a-febbraio-2020\/","title":{"rendered":"Regione, via al corso per centralinisti non vedenti: si inizia a febbraio 2020"},"content":{"rendered":"<p><strong>Regione<\/strong>.\u00a0Partir\u00e0 a febbraio 2020 il nuovo corso per centralinisti non vedenti organizzato dall&#8217;Istituto Chiossone, aggiudicatario della manifestazione di interesse di <strong>Regione Liguria<\/strong> rivolta agli organismi formativi accreditati. Il 20 dicembre prossimo verranno avviate le selezioni per individuare le 15 persone che potranno accedere al corso, la cui durata \u00e8 prevista in 1000 ore, di cui il 10% di stage, che toccher\u00e0 tutti gli argomenti previsti per ottenere la qualifica.<\/p>\n<p class=\"v1xxmsonormal\">&#8220;Regione Liguria \u2013 spiega l&#8217;assessore alla Formazione <strong>Ilaria Cavo<\/strong> \u2013 ha stanziato 150 mila euro, il massimo dei fondi discrezionali del bilancio regionale attribuiti alla formazione per garantire la copertura dei costi, attivandosi in sinergia e su richiesta dell&#8217;Unione Italiana Ciechi per avviare un nuovo corso per centralinisti non vedenti, dopo che da diversi anni iniziative di questo tipo non venivano pi\u00f9 attivate in Liguria. Si tratta di corsi assolutamente necessari per poter acquisire i requisiti di legge richiesti per accedere all&#8217;iscrizione negli elenchi dei centralinisti non vedenti. Il numero dei posti disponibili, 15, \u00e8 stato giudicato pienamente adeguato dall&#8217;UICI &#8211; Unione italiana ciechi&#8221;.<\/p>\n<p class=\"v1xxmsonormal\">Continua l&#8217;assessore: &#8220;Si tratta di un corso formativo destinato a disoccupati disabili visivi affetti da cecit\u00e0 assoluta o con un residuo visivo non superiore ai 1\/10 per entrambi gli occhi. Con questa iniziativa diamo una risposta e uno sbocco occupazionale concreto a queste persone, sicuramente per il turnover negli enti pubblici, che dovr\u00e0 essere coperto attingendo da queste liste speciali. Auspichiamo che anche le aziende private possano cogliere l&#8217;opportunit\u00e0 di dare una prospettiva occupazionale a persone speciali, formate con competenze ampie e tecnologicamente aggiornate&#8221;.<\/p>\n<p class=\"v1xxmsonormal\"><strong>Claudio Cassinelli<\/strong>, presidente dell&#8217;Istituto Chiossone, spiega: &#8220;Il piano formativo proposto dal Chiossone, che rispondendo al bando ha messo a disposizione la sue competenze sul tema della formazione delle persone con disabilit\u00e0 visiva, va oltre gli argomenti strettamente necessari per l&#8217;ottenimento della qualifica, ma punta a formare un &#8220;centralinista 2.0&#8243;, preparato per affrontare una professione che \u00e8 fortemente evoluta nell&#8217;ultimo decennio con l&#8217;avvento delle tecnologie. Con questo obiettivo il nostro corso prevede un importante modulo sulle lingue straniere, un approfondimento sulle tecniche di comunicazione e sull&#8217;informatica per interagire con i moderni sistemi informatici aziendali&#8221;.<\/p>\n<p class=\"v1xxmsonormal\">Soddisfatto anche <strong>Arturo Vivaldi<\/strong>,\u00a0presidente UICI Liguria: &#8220;Il nuovo corso per centralinisti \u00e8 un&#8217;opportunit\u00e0 importante che aspettavamo da anni, perch\u00e9 \u00e8 una delle poche occasioni di lavoro garantite per i ragazzi ciechi e ipovedenti. Le nuove professioni cresciute grazie all&#8217;informatica accessibile, infatti, non sono ancora state riconosciute e regolamentate dalle leggi nazionali che garantiscono pari opportunit\u00e0 nell&#8217;accesso al lavoro. Era quindi per noi cruciale riuscire ad ottenere l&#8217;attivazione di questa opportunit\u00e0 di formazione, per dare prospettive future concrete alle persone giovani e meno giovani che perdono la vista in et\u00e0 adulta&#8221;.<\/p>\n","protected":false},"excerpt":{"rendered":"<p>L&#8217;assessore Cavo: &#8220;Finanziato da Regione Liguria con 150 mila euro. Risposta concreta con sbocchi occupazionali&#8221;<\/p>\n","protected":false},"author":20094,"featured_media":0,"comment_status":"open","ping_status":"closed","sticky":false,"template":"","format":"standard","meta":{"footnotes":""},"categories":[56],"tags":[4998,509,223],"class_list":["post-484219","post","type-post","status-publish","format-standard","hentry","category-altre","tag-diversamente-abili","tag-lavoro","tag-regione-liguria","post_tag_personaggi-arturo-vivaldi","post_tag_personaggi-claudio-cassinelli","post_tag_personaggi-ilaria-cavo"],"amp_validity":null,"amp_enabled":true,"_links":{"self":[{"href":"https:\/\/staging.ivg.it\/ediapi\/wp\/v2\/posts\/484219","targetHints":{"allow":["GET"]}}],"collection":[{"href":"https:\/\/staging.ivg.it\/ediapi\/wp\/v2\/posts"}],"about":[{"href":"https:\/\/staging.ivg.it\/ediapi\/wp\/v2\/types\/post"}],"author":[{"embeddable":true,"href":"https:\/\/staging.ivg.it\/ediapi\/wp\/v2\/users\/20094"}],"replies":[{"embeddable":true,"href":"https:\/\/staging.ivg.it\/ediapi\/wp\/v2\/comments?post=484219"}],"version-history":[{"count":0,"href":"https:\/\/staging.ivg.it\/ediapi\/wp\/v2\/posts\/484219\/revisions"}],"wp:attachment":[{"href":"https:\/\/staging.ivg.it\/ediapi\/wp\/v2\/media?parent=484219"}],"wp:term":[{"taxonomy":"category","embeddable":true,"href":"https:\/\/staging.ivg.it\/ediapi\/wp\/v2\/categories?post=484219"},{"taxonomy":"post_tag","embeddable":true,"href":"https:\/\/staging.ivg.it\/ediapi\/wp\/v2\/tags?post=484219"}],"curies":[{"name":"wp","href":"https:\/\/api.w.org\/{rel}","templated":true}]}}