{"id":483545,"date":"2019-11-30T15:56:54","date_gmt":"2019-11-30T14:56:54","guid":{"rendered":"http:\/\/www.ivg.it\/?p=483545"},"modified":"2019-11-30T15:56:54","modified_gmt":"2019-11-30T14:56:54","slug":"gas-naturale-liquefatto-pronto-un-protocollo-dintesa-per-la-realizzazione-di-una-rete-di-distribuzione-in-liguria","status":"publish","type":"post","link":"https:\/\/staging.ivg.it\/2019\/11\/gas-naturale-liquefatto-pronto-un-protocollo-dintesa-per-la-realizzazione-di-una-rete-di-distribuzione-in-liguria\/","title":{"rendered":"Gas naturale liquefatto: pronto un protocollo d&#8217;intesa per la realizzazione di una rete di distribuzione in Liguria"},"content":{"rendered":"<p><strong>Provincia.\u00a0<\/strong>Si terr\u00e0 luned\u00ec 2 dicembre alle ore 14, presso la Sala Trasparenza di Regione Liguria, la conferenza stampa di presentazione dell&#8217;accordo per la promozione, la diffusione, la realizzazione e l&#8217;accettazione sociale di una rete di distribuzione del Gas Naturale Liquefatto.<\/p>\n<p>L&#8217;accordo sar\u00e0 tra Regione Liguria, Citt\u00e0 Metropolitana di Genova, Comune di Genova, Autorit\u00e0 di Sistema Portuale del Mar Ligure Occidentale, Autorit\u00e0 di Sistema Portuale del Mar Ligure Orientale, Direzione marittima per la Liguria, Centro italiano di eccellenza sulla logistica, i trasporti e le infrastrutture dell&#8217;Universit\u00e0 degli Studi di Genova, Direzione regionale dei vigili del fuoco, Camera di Commercio di Genova e Camera di Commercio Riviere di Liguria.<\/p>\n<p>Firmeranno il protocollo d&#8217;intesa l&#8217;assessore regionale con delega ai Porti di Regione Liguria Andrea Benveduti, i presidenti Carla Roncallo e Paolo Emilio Signorini per le Autorit\u00e0 di Sistema Portuale liguri, il consigliere Claudio Garbarino e l&#8217;assessore Matteo Campora rispettivamente per Citt\u00e0 Metropolitana e Comune di Genova, il professor Enrico Musso per l&#8217;Universit\u00e0 di Genova, il presidente Luciano Pasquale e il consigliere Marco Novella per le Camere di Commercio liguri e l&#8217;ammiraglio Nicola Carlone e il direttore Claudio Manzella per la Direzione marittima e il Comando regionale dei vigili del fuoco.<\/p>\n","protected":false},"excerpt":{"rendered":"<p>La firma \u00e8 in programma luned\u00ec 2 dicembre <\/p>\n","protected":false},"author":17962,"featured_media":0,"comment_status":"open","ping_status":"closed","sticky":false,"template":"","format":"standard","meta":{"footnotes":""},"categories":[45296,56,31],"tags":[],"class_list":["post-483545","post","type-post","status-publish","format-standard","hentry","category-copertina","category-altre","category-politica","post_cat_citta-provincia"],"amp_validity":null,"amp_enabled":true,"_links":{"self":[{"href":"https:\/\/staging.ivg.it\/ediapi\/wp\/v2\/posts\/483545","targetHints":{"allow":["GET"]}}],"collection":[{"href":"https:\/\/staging.ivg.it\/ediapi\/wp\/v2\/posts"}],"about":[{"href":"https:\/\/staging.ivg.it\/ediapi\/wp\/v2\/types\/post"}],"author":[{"embeddable":true,"href":"https:\/\/staging.ivg.it\/ediapi\/wp\/v2\/users\/17962"}],"replies":[{"embeddable":true,"href":"https:\/\/staging.ivg.it\/ediapi\/wp\/v2\/comments?post=483545"}],"version-history":[{"count":0,"href":"https:\/\/staging.ivg.it\/ediapi\/wp\/v2\/posts\/483545\/revisions"}],"wp:attachment":[{"href":"https:\/\/staging.ivg.it\/ediapi\/wp\/v2\/media?parent=483545"}],"wp:term":[{"taxonomy":"category","embeddable":true,"href":"https:\/\/staging.ivg.it\/ediapi\/wp\/v2\/categories?post=483545"},{"taxonomy":"post_tag","embeddable":true,"href":"https:\/\/staging.ivg.it\/ediapi\/wp\/v2\/tags?post=483545"}],"curies":[{"name":"wp","href":"https:\/\/api.w.org\/{rel}","templated":true}]}}